{"id":878,"date":"2008-02-29T20:26:08","date_gmt":"2008-02-29T18:26:08","guid":{"rendered":"http:\/\/www.finaroca.com\/?p=878"},"modified":"2008-02-29T20:26:08","modified_gmt":"2008-02-29T18:26:08","slug":"zapatero-na-coruna","status":"publish","type":"post","link":"https:\/\/www.finaroca.com\/?p=878","title":{"rendered":"Zapatero na Coru\u00f1a&#8230;"},"content":{"rendered":"<p>Confeso que non son partidaria do bipartidismo pol\u00edtico ao que nos queren levar o PSOE e o PP. Pero tam\u00e9n confeso que onte gustoume o mitin de Zapatero na Coru\u00f1a. Que pasada! Os socialistas, como o ave F\u00e9nix, rexurd\u00edan das s\u00faas cinzas e, ata Losada, que ten un discurso trapalleiro, falou ben!\u00a0O peor Molina, demasiada propaganda de se mesmo para o\u00a0meu gusto, non debe ter av\u00f3s, como Paqui\u00f1o V\u00e1zquez, un ministro de cultura deber\u00eda dominar, como m\u00ednimo, as linguas auton\u00f3micas, arrasar\u00eda falando galego!\u00a0Touri\u00f1o, af\u00f3nico, foi o \u00fanico que empleou a lingua galega, anque as veces o subconcsciente fac\u00edalle malas pasadas e se lle escapaba o castel\u00e1n, moi oportuna a comparaci\u00f3n que fixo do programa do PP\u00a0co reinado de Isabel a Cat\u00f3lica\u00a0e a\u00a0situaci\u00f3n do\u00a0xudeos conversos&#8230;<\/p>\n<p>A bandeira\u00a0gai ondeaba por primeira vez nas primeiras filas dos socialistas! Como en Naseiro&#8230;\u00a0<\/p>\n<p>Bot\u00e1base en falta unha voz de muller, a viceperesidenta do goberno\u00a0por exemplo! <strong>Para combatir o machismo hai que dar exemplo, non abonda con falar e falar. Algo falla cando\u00a0MITINEAN catro santos var\u00f3ns\u00a0(Losada, Molina, Touri\u00f1o e<\/strong> <strong>ZAPATERO)\u00a0e ningunha muller&#8230;.<\/strong><\/p>\n<p>Con todo, o mitin\u00a0fixo que renacera nos indecisos o desexo de votar socialistas, e iso \u00e9 bo, moi bo, como foi bo ver familias enteiras,\u00a0bisavoas, avoas, pais, nais e fillos, interes\u00e1ndose pola pol\u00edtica&#8230;\u00a0\u00a0<\/p>\n<p>Non! Os socialistas non acaban coa famila, abonda con ollar as fotos&#8230;<\/p>\n<p align=\"center\">\u00a0<\/p>\n<p align=\"center\"><img decoding=\"async\" id=\"image882\" title=\"Mitin zapatero 28f 048.jpg\" alt=\"Mitin zapatero 28f 048.jpg\" src=\"https:\/\/www.finaroca.com\/wp-content\/uploads\/2008\/02\/Mitin%20zapatero%2028f%20048.jpg\" \/><\/p>\n<p align=\"center\"><img decoding=\"async\" id=\"image885\" title=\"Mitin zapatero 28f 077.jpg\" alt=\"Mitin zapatero 28f 077.jpg\" src=\"https:\/\/www.finaroca.com\/wp-content\/uploads\/2008\/02\/Mitin%20zapatero%2028f%20077.jpg\" \/><\/p>\n<p align=\"center\">\u00a0<img loading=\"lazy\" decoding=\"async\" id=\"image884\" height=\"96\" alt=\"Mitin zapatero 28f 037.jpg\" src=\"https:\/\/www.finaroca.com\/wp-content\/uploads\/2008\/02\/Mitin%20zapatero%2028f%20037.jpg\" width=\"128\" \/>\u00a0<img loading=\"lazy\" decoding=\"async\" id=\"image880\" height=\"96\" alt=\"Mitin zapatero 28f 064.jpg\" src=\"https:\/\/www.finaroca.com\/wp-content\/uploads\/2008\/02\/Mitin%20zapatero%2028f%20064.jpg\" width=\"128\" \/>\u00a0<img loading=\"lazy\" decoding=\"async\" id=\"image881\" height=\"96\" alt=\"Mitin zapatero 28f 090.jpg\" src=\"https:\/\/www.finaroca.com\/wp-content\/uploads\/2008\/02\/Mitin%20zapatero%2028f%20090.jpg\" width=\"128\" \/>\u00a0<\/p>\n<p>? En fin! Que continue o pluripartidismo e que ga\u00f1e o mellor, pero ollo <strong>as dereitas privatizan e as esquerdas socializan! Votar \u00e1s dereitas e volver \u00e1 prehistoria.<\/strong><\/p>\n<p><strong>Texto e fotos: Fina Roca<\/strong><\/p>\n","protected":false},"excerpt":{"rendered":"<p>Confeso que non son partidaria do bipartidismo pol\u00edtico ao que nos queren levar o PSOE e o PP. Pero tam\u00e9n confeso que onte gustoume o mitin de Zapatero na Coru\u00f1a. Que pasada! Os socialistas, como o ave F\u00e9nix, rexurd\u00edan das s\u00faas cinzas e, ata Losada, que ten un discurso trapalleiro, falou ben!\u00a0O peor Molina, demasiada &hellip; <\/p>\n<p class=\"link-more\"><a href=\"https:\/\/www.finaroca.com\/?p=878\" class=\"more-link\">Continuar lendo<span class=\"screen-reader-text\"> &#8220;Zapatero na Coru\u00f1a&#8230;&#8221;<\/span><\/a><\/p>\n","protected":false},"author":1,"featured_media":0,"comment_status":"open","ping_status":"open","sticky":false,"template":"","format":"standard","meta":{"footnotes":""},"categories":[19],"tags":[],"class_list":["post-878","post","type-post","status-publish","format-standard","hentry","category-eleccions-2008"],"_links":{"self":[{"href":"https:\/\/www.finaroca.com\/index.php?rest_route=\/wp\/v2\/posts\/878","targetHints":{"allow":["GET"]}}],"collection":[{"href":"https:\/\/www.finaroca.com\/index.php?rest_route=\/wp\/v2\/posts"}],"about":[{"href":"https:\/\/www.finaroca.com\/index.php?rest_route=\/wp\/v2\/types\/post"}],"author":[{"embeddable":true,"href":"https:\/\/www.finaroca.com\/index.php?rest_route=\/wp\/v2\/users\/1"}],"replies":[{"embeddable":true,"href":"https:\/\/www.finaroca.com\/index.php?rest_route=%2Fwp%2Fv2%2Fcomments&post=878"}],"version-history":[{"count":0,"href":"https:\/\/www.finaroca.com\/index.php?rest_route=\/wp\/v2\/posts\/878\/revisions"}],"wp:attachment":[{"href":"https:\/\/www.finaroca.com\/index.php?rest_route=%2Fwp%2Fv2%2Fmedia&parent=878"}],"wp:term":[{"taxonomy":"category","embeddable":true,"href":"https:\/\/www.finaroca.com\/index.php?rest_route=%2Fwp%2Fv2%2Fcategories&post=878"},{"taxonomy":"post_tag","embeddable":true,"href":"https:\/\/www.finaroca.com\/index.php?rest_route=%2Fwp%2Fv2%2Ftags&post=878"}],"curies":[{"name":"wp","href":"https:\/\/api.w.org\/{rel}","templated":true}]}}