{"id":62,"date":"2006-12-07T14:45:12","date_gmt":"2006-12-07T12:45:12","guid":{"rendered":"http:\/\/www.finaroca.com\/?p=62"},"modified":"2017-04-24T18:02:20","modified_gmt":"2017-04-24T18:02:20","slug":"a-memoria-historica","status":"publish","type":"post","link":"https:\/\/www.finaroca.com\/?p=62","title":{"rendered":"A Memoria Hist\u00f3rica"},"content":{"rendered":"<p>\u00a0<\/p>\n<p>&#8220;ARMH&#8221; <a href=\"mailto:memoriahistorica@memoriahistorica.org\">memoriahistorica@memoriahistorica.org<\/a>\u00a0ven de divulgar na interrede un texto que me parece moi interesante para conmemorar o d\u00eda da Constituci\u00f3n espa\u00f1ola&#8230;<\/p>\n<p><strong>DEZ ACCI\u00d3NS QUE EN CALQUERA MOMENTO PODEMOS FACER POLA RECUPERACI\u00d3N DA MEMORIA HIST\u00d3RICA:<\/strong><\/p>\n<p><strong>\u00a0\u00a0\u00a0<\/strong>\u00a0 1.- Escribir \u00e1 Comisi\u00f3n Interministerial\u00a0 para as V\u00edctimas da guerra civil e da dictadura franquista para que <strong>o Estado garante as exhumaci\u00f3ns das foses com\u00fans e maila\u00a0b\u00fasqueda e desaparici\u00f3n dos desaparecidos.<\/strong> Que sexa regulada no C\u00f3digo Penal a apolox\u00eda do franquismo.\u00a0Que nos colexios e institutos\u00a0se estudie a fondo a II Rep\u00fablica, a guerra civil e a dictadura franquista. Que se instale unha exposici\u00f3n permanente no Val do Ca\u00eddos, explicando o porqu\u00e9 se fixo e a quen obrigaron a construilo. Que en t\u00f3dolos edificios p\u00fablicos se instale unha placa cos nomes dos que foron\u00a0&#8216;depurados&#8217; pola dictadura. Que se\u00f1alicen as obras p\u00fablicas e privadas levadas a cabo polos presos pol\u00edticos e que se anulen os sumarios instru\u00eddos\u00a0polos tribunais que eran ilegais.<\/p>\n<p>\u00a0\u00a0\u00a0\u00a0 2.- Grabar a testimu\u00f1a dun susperviviente da guerra civil, ou da represi\u00f3n franquista, escribilo para non perdelo, fomentar a investigaci\u00f3n entre a propia familia, ou xoves estudiantes, e pinchalo na rede: <a href=\"http:\/\/www.mmoriahistorica.org\/modules.php?name=News&#038;file=article&#038;sid=3\">http:\/\/www.mmoriahistorica.org\/modules.php?name=News&#038;file=article&#038;sid=3<\/a><\/p>\n<p>\u00a0\u00a0\u00a0\u00a0 3.- Escribir un correo electr\u00f3nico \u00e1s embaixadas de Alema\u00f1a (Dr.Wolf- Ruthart Born:<a href=\"mailto:pr-1@madri.auswaertiges-amt.de\">pr-1@madri.auswaertiges-amt.de<\/a>)\u00a0e Italia (Amadeo de Franchis: <a href=\"mailto:archivo@ambitaliamadrid.org\">archivo@ambitaliamadrid.org<\/a>)\u00a0para esixir unha reparaci\u00f3n simb\u00f3lica por ter axudado ao dictador Francisco Franco a ga\u00f1a-la guerra civil e secuestrar perante +40 anos \u00e1 democracia do nosos pa\u00eds. <strong>Cabe subli\u00f1ar que miles de espa\u00f1ois foron deportados, retidos ou asasinados nos campos de concentraci\u00f3n nazis.<\/strong> \u00a0<\/p>\n<p><strong>\u00a0\u00a0\u00a0<\/strong>\u00a0 4\u00ba.- Reunir un grupo de xenti\u00f1a do com\u00fan, estudiantes de bacharelato, FP ou universitarios, para visionar e comentar o ciclo de documentais agrupados no colectivo <strong>Imaxes contra o Olvido: <a href=\"http:\/\/www.imagenescontraelolvido.com\/\">www.imagenescontraelolvido.com<\/a><\/strong><\/p>\n<p><strong>\u00a0\u00a0\u00a0\u00a0 <\/strong>5\u00ba.-Inscribirte ou colaborar con calquera asociaci\u00f3n para a recuperaci\u00f3n da memoria hist\u00f3rica.<\/p>\n<p>\u00a0\u00a0\u00a0\u00a0 6\u00ba.- Firmar a campa\u00f1a que est\u00e1 a facer <strong>Amnist\u00eda Internacional para esixir ao goberno espa\u00f1ol xustiza para as v\u00edctimas do franquismo: <a href=\"http:\/\/www.es.amnesty.or\/actua\/esp_mar06\/\">http:\/\/www.es.amnesty.or\/actua\/esp_mar06\/<\/a><\/strong><\/p>\n<p><strong>\u00a0\u00a0\u00a0\u00a0 <\/strong>7\u00ba.- Facer camisetas para denunciar o golpe de Estado de Franco, nasdo en Ferrol, \u00a0baixo plica\u00a0de <strong>Nunca M\u00e1is un 18 de xullo.<\/strong><\/p>\n<p><strong>\u00a0\u00a0\u00a0\u00a0<\/strong> 8\u00ba.- Visitar e divulgar a web que tenta facer un censo de t\u00f3dalas v\u00edctimas do franquismo:<strong>www.todoslosnombres.org<\/strong><\/p>\n<p><strong>\u00a0\u00a0\u00a0<\/strong>\u00a0 9\u00ba.- Escribir un correo electr\u00f3nico\u00a0ao embaixador espa\u00f1ol en Marruecos, Lu\u00eds Planas, para reprobarlle a s\u00faa actitude por asistir en nome do pobo espa\u00f1ol\u00a0\u00e1 inaguaraci\u00f3n da casa museo de <strong>Mohamed Mizzian, un\u00a0militar franquista de orixe marroqu\u00ed que foi moi sanguinario cos perdedores\u00a0perante a guerra civil, e un represor en Marrocos.<\/strong><\/p>\n<p>Luis Plana: <a href=\"mailto:ambespma@mail.mae.es\">ambespma@mail.mae.es<\/a><\/p>\n<p>\u00a0\u00a0\u00a0\u00a0 10.- Enviar este comunicado a quen estimedes convinte, ou engadir cousas encami\u00f1adas a recupera-la memoria hist\u00f3rica&#8230;<\/p>\n<p>\u00a0\u00a0\u00a0\u00a0\u00a0\u00a0 (Nota: prometo escribir alg\u00fan caso da guerra incivil, como o da churreira de Ferrol, Xosefa de Teloi, pernas tortas, fusilada na tapia do cemiterio de Catobois, Ferrol, sen m\u00e1is pena capital ca de\u00a0crer no que fac\u00eda: era unha republicana convencida.\u00a0<strong>Fina Roca)<\/strong><\/p>\n","protected":false},"excerpt":{"rendered":"<p>\u00a0 &#8220;ARMH&#8221; memoriahistorica@memoriahistorica.org\u00a0ven de divulgar na interrede un texto que me parece moi interesante para conmemorar o d\u00eda da Constituci\u00f3n espa\u00f1ola&#8230; DEZ ACCI\u00d3NS QUE EN CALQUERA MOMENTO PODEMOS FACER POLA RECUPERACI\u00d3N DA MEMORIA HIST\u00d3RICA: \u00a0\u00a0\u00a0\u00a0 1.- Escribir \u00e1 Comisi\u00f3n Interministerial\u00a0 para as V\u00edctimas da guerra civil e da dictadura franquista para que o Estado garante &hellip; <\/p>\n<p class=\"link-more\"><a href=\"https:\/\/www.finaroca.com\/?p=62\" class=\"more-link\">Continuar lendo<span class=\"screen-reader-text\"> &#8220;A Memoria Hist\u00f3rica&#8221;<\/span><\/a><\/p>\n","protected":false},"author":1,"featured_media":0,"comment_status":"open","ping_status":"open","sticky":false,"template":"","format":"standard","meta":{"footnotes":""},"categories":[2],"tags":[],"class_list":["post-62","post","type-post","status-publish","format-standard","hentry","category-xeral"],"_links":{"self":[{"href":"https:\/\/www.finaroca.com\/index.php?rest_route=\/wp\/v2\/posts\/62","targetHints":{"allow":["GET"]}}],"collection":[{"href":"https:\/\/www.finaroca.com\/index.php?rest_route=\/wp\/v2\/posts"}],"about":[{"href":"https:\/\/www.finaroca.com\/index.php?rest_route=\/wp\/v2\/types\/post"}],"author":[{"embeddable":true,"href":"https:\/\/www.finaroca.com\/index.php?rest_route=\/wp\/v2\/users\/1"}],"replies":[{"embeddable":true,"href":"https:\/\/www.finaroca.com\/index.php?rest_route=%2Fwp%2Fv2%2Fcomments&post=62"}],"version-history":[{"count":1,"href":"https:\/\/www.finaroca.com\/index.php?rest_route=\/wp\/v2\/posts\/62\/revisions"}],"predecessor-version":[{"id":2159,"href":"https:\/\/www.finaroca.com\/index.php?rest_route=\/wp\/v2\/posts\/62\/revisions\/2159"}],"wp:attachment":[{"href":"https:\/\/www.finaroca.com\/index.php?rest_route=%2Fwp%2Fv2%2Fmedia&parent=62"}],"wp:term":[{"taxonomy":"category","embeddable":true,"href":"https:\/\/www.finaroca.com\/index.php?rest_route=%2Fwp%2Fv2%2Fcategories&post=62"},{"taxonomy":"post_tag","embeddable":true,"href":"https:\/\/www.finaroca.com\/index.php?rest_route=%2Fwp%2Fv2%2Ftags&post=62"}],"curies":[{"name":"wp","href":"https:\/\/api.w.org\/{rel}","templated":true}]}}