{"id":2240,"date":"2023-11-09T21:58:10","date_gmt":"2023-11-09T21:58:10","guid":{"rendered":"https:\/\/www.finaroca.com\/?p=2240"},"modified":"2023-11-09T21:58:10","modified_gmt":"2023-11-09T21:58:10","slug":"carta-aberta-a-nunez-feijoo","status":"publish","type":"post","link":"https:\/\/www.finaroca.com\/?p=2240","title":{"rendered":"Carta aberta a N\u00fa\u00f1ez Feij\u00f3o"},"content":{"rendered":"<p>&nbsp;<\/p>\n<p><strong>Carta aberta ao presidente do PP<\/strong><\/p>\n<p><em>Quo vadis<\/em> Alberto N\u00fa\u00f1ez Feij\u00f3o!? Por que non queres amnist\u00edas para os acusados no<em> proc\u00e9s<\/em>? Pois xa me contar\u00e1s como puideches chegar a presidente da Xunta de Galicia, sen\u00f3n amnistiasen e indultasen a tantos pol\u00edticos e militares da t\u00faa vara trala Constituci\u00f3n do 1978: o punto final. Seica non sabes que o teu mestre e amigo Fraga Iribarne foi ministro e embaixador de Franco? Que me dis dos teus socios de investidura frustrada\u2014 VOX\u2014 que reivindican os crimes franquistas e negan a violencia vicaria? Despois de todo os catal\u00e1ns s\u00f3 utilizaron as urnas para escrutar o que pensaban os cidad\u00e1ns, nin mataron nin arruinaron a ningu\u00e9n. Deber\u00edas ter dimitido cando vendiches, como presidente xunteiro, as residencias de maiores a un holding de empresas con fondos voitres de orixe franc\u00e9s e ingl\u00e9s \u2014Domus VI\u2014 cuxa empresa matriz est\u00e1 demandada por desatenci\u00f3n e polo gran n\u00famero de mortos perante a COVID, xa sei que non che gusta, que a prensa fale de cando obrigaches a fusionar as Caixas \u2014Caixa Galicia e Caixa Nova (2010)\u2014 para formar un Banco \u2014NovaCaixaGalicia\u2014 que acabou cos seus dirixentes no c\u00e1rcere, e que foi vendido a prezo de saldo. Recordas as Preferentes? Esquec\u00edcheste de que tan pronto chegaches ao poder, aumentaches as dotaci\u00f3ns econ\u00f3micas ao ensino privado, suprimindo a gratuidade dos libros de texto no ensino p\u00fablico? Pero destas cousas non se fala na prensa t\u00f3xica. Pero tranquilo tronco! Cando queiras falamos de indultos disfrazados de absoluci\u00f3ns, como o de Rodrigo Rato, por estar quen est\u00e1 no Tribunal Supremo, ou da Sanidade p\u00fablica en Galicia. Mal que che pese non vas pasar a Historia como un pol\u00edtico xusto e democr\u00e1tico, sen\u00f3n coma o presidente dun partido de dereitas, que por querer gobernar meteu no Parlamento e nas instituci\u00f3ns \u00e1 extrema dereita, e isto ningunha persoa con sentido com\u00fan, en especial as mulleres, \u00edmolo perdoar. Por certo, quero que saibas que eu non votei ao actual presidente en funci\u00f3ns do Estado Espa\u00f1ol, pero posta a elixir&#8230; <strong>Fina Roca<\/strong><\/p>\n<p>&nbsp;<\/p>\n<p>&nbsp;<\/p>\n","protected":false},"excerpt":{"rendered":"<p>&nbsp; Carta aberta ao presidente do PP Quo vadis Alberto N\u00fa\u00f1ez Feij\u00f3o!? Por que non queres amnist\u00edas para os acusados no proc\u00e9s? Pois xa me contar\u00e1s como puideches chegar a presidente da Xunta de Galicia, sen\u00f3n amnistiasen e indultasen a tantos pol\u00edticos e militares da t\u00faa vara trala Constituci\u00f3n do 1978: o punto final. Seica &hellip; <\/p>\n<p class=\"link-more\"><a href=\"https:\/\/www.finaroca.com\/?p=2240\" class=\"more-link\">Continuar lendo<span class=\"screen-reader-text\"> &#8220;Carta aberta a N\u00fa\u00f1ez Feij\u00f3o&#8221;<\/span><\/a><\/p>\n","protected":false},"author":1,"featured_media":0,"comment_status":"open","ping_status":"open","sticky":false,"template":"","format":"standard","meta":{"footnotes":""},"categories":[36],"tags":[],"class_list":["post-2240","post","type-post","status-publish","format-standard","hentry","category-artigos-de-opinion-arigos-de-opinion"],"_links":{"self":[{"href":"https:\/\/www.finaroca.com\/index.php?rest_route=\/wp\/v2\/posts\/2240","targetHints":{"allow":["GET"]}}],"collection":[{"href":"https:\/\/www.finaroca.com\/index.php?rest_route=\/wp\/v2\/posts"}],"about":[{"href":"https:\/\/www.finaroca.com\/index.php?rest_route=\/wp\/v2\/types\/post"}],"author":[{"embeddable":true,"href":"https:\/\/www.finaroca.com\/index.php?rest_route=\/wp\/v2\/users\/1"}],"replies":[{"embeddable":true,"href":"https:\/\/www.finaroca.com\/index.php?rest_route=%2Fwp%2Fv2%2Fcomments&post=2240"}],"version-history":[{"count":2,"href":"https:\/\/www.finaroca.com\/index.php?rest_route=\/wp\/v2\/posts\/2240\/revisions"}],"predecessor-version":[{"id":2243,"href":"https:\/\/www.finaroca.com\/index.php?rest_route=\/wp\/v2\/posts\/2240\/revisions\/2243"}],"wp:attachment":[{"href":"https:\/\/www.finaroca.com\/index.php?rest_route=%2Fwp%2Fv2%2Fmedia&parent=2240"}],"wp:term":[{"taxonomy":"category","embeddable":true,"href":"https:\/\/www.finaroca.com\/index.php?rest_route=%2Fwp%2Fv2%2Fcategories&post=2240"},{"taxonomy":"post_tag","embeddable":true,"href":"https:\/\/www.finaroca.com\/index.php?rest_route=%2Fwp%2Fv2%2Ftags&post=2240"}],"curies":[{"name":"wp","href":"https:\/\/api.w.org\/{rel}","templated":true}]}}