{"id":1589,"date":"2011-09-08T15:22:58","date_gmt":"2011-09-08T13:22:58","guid":{"rendered":"http:\/\/www.finaroca.com\/?p=1589"},"modified":"2011-09-08T15:22:58","modified_gmt":"2011-09-08T13:22:58","slug":"en-defensa-do-ensino-publico","status":"publish","type":"post","link":"https:\/\/www.finaroca.com\/?p=1589","title":{"rendered":"En defensa do ensino p\u00fablico&#8230;"},"content":{"rendered":"<p>O que nunca lle perdoarei a un governo de esquerdas, como se sup\u00f3n \u00e9 o de Zapatero, que permita os insultos reiterados ao profesorado do Ensino P\u00fablico, <strong>Ensino<\/strong>, claro est\u00e1, <strong>de Infantil, Primaria e Secundaria<\/strong>, xa que o profesorado universitario est\u00e1 nas berzas: illados do mundo, pavone\u00e1ndose de ser &#8216;profes de universidade&#8217;, crendo, inutilmente, que son algu\u00e9n cando,\u00a0con honrosa excepci\u00f3ns, como o meu chorado e rec\u00e9n morto, <strong>Seraf\u00edn\u00a0Moralejo, <\/strong>son uns est\u00fapidos ao servicio do poder establecido: <strong>fai tempo que desapereceu o pensamento cr\u00edtico das Universidades do Estado Espa\u00f1ol e as\u00ed nos vai<\/strong>. Nestres intres, o \u00fanico profesorado, que\u00a0se est\u00e1 a preocupar do que pasa neste pa\u00eds, \u00e9 o de PRIMARIA, base de todo o sistema educativo, e o de SECUNDARIA, paso da\u00a0idade adolescente a idade adulterada, alias adulta. Se de min valese, mandar\u00eda a todos os ministros de Educaci\u00f3n, tanto a nivel estatal, como auton\u00f3mico, a fritir pu\u00f1etas, \u00e9 dicir, a vivir co salario do profesorado de Infantil,\u00a0Primaria e Secundaria. Hai que foderse, f\u00e1nos culpables do fracaso escolar, quen desv\u00eda os cartos ao ensino privado, alias colexios relixiosos, como o de REY CRISTO, Pe\u00f1a Redonda -do OPUS DEI- o\u00a0XESU\u00cdTAS, onde non admiten aos fillos do paro e maila droga. Unha que foi profesora do Colexio de Cristo Rei, denantes de aprobar unha praza de ensino p\u00fablico a un institiuto,\u00a0e tam\u00e9n\u00a0profesora de Universidade, como axudante dun catedr\u00e1tico prepotente e prestixiado,\u00a0poder\u00eda falar largo e tendido de \u00bfc\u00f3mo pagan, tratan, ao profesorado,\u00a0 no ensino privado?\u00a0\u00bfE c\u00f3mo cobran ao alumnado?\u00a0E tam\u00e9n de \u00bfcomo tratan\u00a0nas universidade ao profesorado sen praza? Ve\u00f1a xa Zapataro, non te podes ir sen ama\u00f1ar as desfeitas do teu est\u00fapido governo, governo que acabou ata\u00a0con persoeiros tan interesantes coma Touri\u00f1o, ou Vicente Areces: impresentable favorecer o acceso ao poder de\u00a0Cascos en Asturias, ou de\u00a0Mas en Catalu\u00f1a, \u00a0m\u00e1goa que no PSOE\u00a0tomaran as\u00a0rendas os impresentables, quen s\u00f3 pensa no seu cu, no prestixio social, alias coquetear coas dereitas de Aznar, Aguirre, ou\u00a0da concelleira alemana, \u00c1ngela M\u00e9rkel. Despertade por favor, \u00bfonde est\u00e1n os\/as libre pensadoras?\u00a0\u00bfQue fis\u00e9chedes coa escola de Giner? \u00bfCoas teor\u00edas de Aza\u00f1a, Catelao e Lo\u00eds Tob\u00edo?\u00a0\u00a0\u00a0<strong>\u00a0<\/strong>\u00a0<\/p>\n<p>A qu\u00e9n lle poda interersar, o que de verdad facemos o profesorado do Ensino P\u00fablico, que pregunte e se informe ben. \u00a0Coidadi\u00f1o, pap\u00e1s en mam\u00e1s do ensino obrigatorio, ate os 16 anos, que se cansades ao profesorado p\u00fablico, podemos mandarvos aos fillos \u00e1 casa EN MENOS QUE CANTA UN GALO, xa que depois de todo \u00e9 o que pretende tanto o governo auton\u00f3mico como o estatal, seguide a defender o impresentable e\u00a0non haber\u00e1 posibilidade posible de conciliar a vida familiar. Al\u00e1 cadaqu\u00e9n coas s\u00faas man\u00edas, pero pensade ben a quen votades polo voso propio ben&#8230;<\/p>\n<p>Enlaces de inter\u00e9s:<\/p>\n<p><a href=\"http:\/\/sosiesalpedrete.blogspot.com\/\">http:\/\/sosiesalpedrete.blogspot.com\/<\/a><\/p>\n<p><strong>Texto: Fina Roca <\/strong><\/p>\n","protected":false},"excerpt":{"rendered":"<p>O que nunca lle perdoarei a un governo de esquerdas, como se sup\u00f3n \u00e9 o de Zapatero, que permita os insultos reiterados ao profesorado do Ensino P\u00fablico, Ensino, claro est\u00e1, de Infantil, Primaria e Secundaria, xa que o profesorado universitario est\u00e1 nas berzas: illados do mundo, pavone\u00e1ndose de ser &#8216;profes de universidade&#8217;, crendo, inutilmente, que &hellip; <\/p>\n<p class=\"link-more\"><a href=\"https:\/\/www.finaroca.com\/?p=1589\" class=\"more-link\">Continuar lendo<span class=\"screen-reader-text\"> &#8220;En defensa do ensino p\u00fablico&#8230;&#8221;<\/span><\/a><\/p>\n","protected":false},"author":1,"featured_media":0,"comment_status":"open","ping_status":"open","sticky":false,"template":"","format":"standard","meta":{"footnotes":""},"categories":[1],"tags":[],"class_list":["post-1589","post","type-post","status-publish","format-standard","hentry","category-sen-clasificar"],"_links":{"self":[{"href":"https:\/\/www.finaroca.com\/index.php?rest_route=\/wp\/v2\/posts\/1589","targetHints":{"allow":["GET"]}}],"collection":[{"href":"https:\/\/www.finaroca.com\/index.php?rest_route=\/wp\/v2\/posts"}],"about":[{"href":"https:\/\/www.finaroca.com\/index.php?rest_route=\/wp\/v2\/types\/post"}],"author":[{"embeddable":true,"href":"https:\/\/www.finaroca.com\/index.php?rest_route=\/wp\/v2\/users\/1"}],"replies":[{"embeddable":true,"href":"https:\/\/www.finaroca.com\/index.php?rest_route=%2Fwp%2Fv2%2Fcomments&post=1589"}],"version-history":[{"count":0,"href":"https:\/\/www.finaroca.com\/index.php?rest_route=\/wp\/v2\/posts\/1589\/revisions"}],"wp:attachment":[{"href":"https:\/\/www.finaroca.com\/index.php?rest_route=%2Fwp%2Fv2%2Fmedia&parent=1589"}],"wp:term":[{"taxonomy":"category","embeddable":true,"href":"https:\/\/www.finaroca.com\/index.php?rest_route=%2Fwp%2Fv2%2Fcategories&post=1589"},{"taxonomy":"post_tag","embeddable":true,"href":"https:\/\/www.finaroca.com\/index.php?rest_route=%2Fwp%2Fv2%2Ftags&post=1589"}],"curies":[{"name":"wp","href":"https:\/\/api.w.org\/{rel}","templated":true}]}}