{"id":1582,"date":"2011-08-10T02:20:45","date_gmt":"2011-08-10T00:20:45","guid":{"rendered":"http:\/\/www.finaroca.com\/?p=1582"},"modified":"2017-04-24T11:53:38","modified_gmt":"2017-04-24T11:53:38","slug":"1582","status":"publish","type":"post","link":"https:\/\/www.finaroca.com\/?p=1582","title":{"rendered":"O R\u00edo Mi\u00f1o"},"content":{"rendered":"<p>Hist\u00f3ricamente,\u00a0vi\u00f1an a dicirmos, incluso, nas Universidades, que o r\u00edo Mi\u00f1o nasc\u00eda en Fontemi\u00f1a, Fonmi\u00f1a.<\/p>\n<p>Pois vai ser que non, <strong>o Mi\u00f1o nasce nun pedregal en forma de rombo<\/strong> que, segundo a lenda,\u00a0son pescadores petrificados que est\u00e1n a esperar a redenci\u00f3n ao trav\u00e9s das augas. Outra das\u00a0lendas atrib\u00fae o pedregal\u00a0a\u00a0unha vellli\u00f1a que t\u00f3dolos d\u00edas levaba unha gran pedra no mandil ata que formou o\u00a0gran rombo que fixo mana-las cristalinas augas.<\/p>\n<p><a href=\"http:\/\/www.minube.com\/fotos\/rincon\/301671?user=mariarequejodiaz\">http:\/\/www.minube.com\/fotos\/rincon\/301671?user=mariarequejodiaz<\/a><\/p>\n<p><strong>O Mi\u00f1o nasce no Pedregal de Irimia, na serra de Meira, e aflora\u00a0na lagoa\u00a0de Fonmi\u00f1\u00e1 (Pastoriza) un lugar paradis\u00edaco que conv\u00e9n visitar.<\/strong><\/p>\n<p><a href=\"http:\/\/es.wikipedia.org\/wiki\/R%C3%ADo_Mi%C3%B1o\">http:\/\/es.wikipedia.org\/wiki\/R%C3%ADo_Mi%C3%B1o<\/a><\/p>\n<p>Para chegar ata ali hai que encami\u00f1ar as nosas pegadas a Meira, quen conta cun fermoso parque dedicado ao excatedratico de Xeograf\u00eda da Universidade de Santiago, <strong>Rio Barja<\/strong>, cuxas cinzas foron espalladas polo pedregal de Irimia por expresa vontade do ilustre xe\u00f3grafo:<\/p>\n<p><a href=\"http:\/\/elprogreso.galiciae.com\/nova\/92771.html\">http:\/\/elprogreso.galiciae.com\/nova\/92771.html<\/a><\/p>\n<p><img decoding=\"async\" id=\"image1581\" title=\"Fina Roca, Meira, Lugo. Agosto 2011 007.jpg\" src=\"https:\/\/www.finaroca.com\/wp-content\/uploads\/2011\/08\/Fina%20Roca,%20Meira,%20Lugo.%20Agosto%202011%20007.jpg\" alt=\"Fina Roca, Meira, Lugo. Agosto 2011 007.jpg\" \/><\/p>\n<p>Pasado o parque de Rio Barja paga a pena facer\u00a0parada e fonda\u00a0no antigo\u00a0mosterio benedictino de Meira en cuxo campanario ani\u00f1an as cig\u00fce\u00f1as, e a Igrexa de Santa Mar\u00eda de Meira:<\/p>\n<p><img decoding=\"async\" id=\"image1586\" title=\"Fina Roca, Meira, Lugo. Agosto 2011 004.jpg\" src=\"https:\/\/www.finaroca.com\/wp-content\/uploads\/2011\/08\/Fina%20Roca,%20Meira,%20Lugo.%20Agosto%202011%20004.jpg\" alt=\"Fina Roca, Meira, Lugo. Agosto 2011 004.jpg\" \/><\/p>\n<p>Moi preto do devandito mosteiro est\u00e1 o nascemento do r\u00edo Mi\u00f1o: O pedregal de Meira. Un fermoso e tranquilo paraxe con mesas e barbacoas. Velaiqui o monolito coa explicaci\u00f3n do nacemento do Mi\u00f1o e un poema de Avelino D\u00edaz.<\/p>\n<p><img decoding=\"async\" id=\"image1580\" title=\"Fina Roca, Meira, Lugo. Agosto 2011 006.jpg\" src=\"https:\/\/www.finaroca.com\/wp-content\/uploads\/2011\/08\/Fina%20Roca,%20Meira,%20Lugo.%20Agosto%202011%20006.jpg\" alt=\"Fina Roca, Meira, Lugo. Agosto 2011 006.jpg\" \/><\/p>\n<p><img decoding=\"async\" id=\"image1579\" title=\"Fina Roca, Pedregal de Irimia. Agosto 2011 003.jpg\" src=\"https:\/\/www.finaroca.com\/wp-content\/uploads\/2011\/08\/Fina%20Roca,%20%20Pedregal%20%20de%20Irimia.%20Agosto%202011%20003.jpg\" alt=\"Fina Roca, Pedregal de Irimia. Agosto 2011 003.jpg\" \/><\/p>\n<p><img decoding=\"async\" id=\"image1584\" title=\"Fina Roca, Pedregal de Irimia. Agosto 2011 001.jpg\" src=\"https:\/\/www.finaroca.com\/wp-content\/uploads\/2011\/08\/Fina%20Roca,%20%20Pedregal%20%20de%20Irimia.%20Agosto%202011%20001.jpg\" alt=\"Fina Roca, Pedregal de Irimia. Agosto 2011 001.jpg\" \/><\/p>\n<p>Fonmi\u00f1\u00e1: Eiqu\u00ed o Mi\u00f1o aflora xa grande. Un para\u00edso onde os can\u00f3nigos e berros crecen libres como nos tempos precedentes:<\/p>\n<p><img loading=\"lazy\" decoding=\"async\" class=\"alignnone size-large wp-image-1802\" src=\"https:\/\/www.finaroca.com\/wp-content\/uploads\/2017\/04\/Fina-Roca-Fonmi\u00c3\u00b1a.-Agosto-2011-005-1024x768.jpg\" alt=\"\" width=\"525\" height=\"394\" srcset=\"https:\/\/www.finaroca.com\/wp-content\/uploads\/2017\/04\/Fina-Roca-Fonmi\u00c3\u00b1a.-Agosto-2011-005-1024x768.jpg 1024w, https:\/\/www.finaroca.com\/wp-content\/uploads\/2017\/04\/Fina-Roca-Fonmi\u00c3\u00b1a.-Agosto-2011-005-300x225.jpg 300w, https:\/\/www.finaroca.com\/wp-content\/uploads\/2017\/04\/Fina-Roca-Fonmi\u00c3\u00b1a.-Agosto-2011-005-768x576.jpg 768w\" sizes=\"auto, (max-width: 525px) 100vw, 525px\" \/><\/p>\n<p><img loading=\"lazy\" decoding=\"async\" class=\"alignnone size-large wp-image-1801\" src=\"https:\/\/www.finaroca.com\/wp-content\/uploads\/2017\/04\/Fina-Roca-Fonmi\u00c3\u00b1a.-Agosto-2011-002-1024x768.jpg\" alt=\"\" width=\"525\" height=\"394\" srcset=\"https:\/\/www.finaroca.com\/wp-content\/uploads\/2017\/04\/Fina-Roca-Fonmi\u00c3\u00b1a.-Agosto-2011-002-1024x768.jpg 1024w, https:\/\/www.finaroca.com\/wp-content\/uploads\/2017\/04\/Fina-Roca-Fonmi\u00c3\u00b1a.-Agosto-2011-002-300x225.jpg 300w, https:\/\/www.finaroca.com\/wp-content\/uploads\/2017\/04\/Fina-Roca-Fonmi\u00c3\u00b1a.-Agosto-2011-002-768x576.jpg 768w\" sizes=\"auto, (max-width: 525px) 100vw, 525px\" \/><\/p>\n<p>Texto e fotos: <strong>Fina Roca<\/strong><\/p>\n","protected":false},"excerpt":{"rendered":"<p>Hist\u00f3ricamente,\u00a0vi\u00f1an a dicirmos, incluso, nas Universidades, que o r\u00edo Mi\u00f1o nasc\u00eda en Fontemi\u00f1a, Fonmi\u00f1a. Pois vai ser que non, o Mi\u00f1o nasce nun pedregal en forma de rombo que, segundo a lenda,\u00a0son pescadores petrificados que est\u00e1n a esperar a redenci\u00f3n ao trav\u00e9s das augas. Outra das\u00a0lendas atrib\u00fae o pedregal\u00a0a\u00a0unha vellli\u00f1a que t\u00f3dolos d\u00edas levaba unha &hellip; <\/p>\n<p class=\"link-more\"><a href=\"https:\/\/www.finaroca.com\/?p=1582\" class=\"more-link\">Continuar lendo<span class=\"screen-reader-text\"> &#8220;O R\u00edo Mi\u00f1o&#8221;<\/span><\/a><\/p>\n","protected":false},"author":1,"featured_media":0,"comment_status":"open","ping_status":"open","sticky":false,"template":"","format":"standard","meta":{"footnotes":""},"categories":[3,1],"tags":[],"class_list":["post-1582","post","type-post","status-publish","format-standard","hentry","category-etnografia-galega","category-sen-clasificar"],"_links":{"self":[{"href":"https:\/\/www.finaroca.com\/index.php?rest_route=\/wp\/v2\/posts\/1582","targetHints":{"allow":["GET"]}}],"collection":[{"href":"https:\/\/www.finaroca.com\/index.php?rest_route=\/wp\/v2\/posts"}],"about":[{"href":"https:\/\/www.finaroca.com\/index.php?rest_route=\/wp\/v2\/types\/post"}],"author":[{"embeddable":true,"href":"https:\/\/www.finaroca.com\/index.php?rest_route=\/wp\/v2\/users\/1"}],"replies":[{"embeddable":true,"href":"https:\/\/www.finaroca.com\/index.php?rest_route=%2Fwp%2Fv2%2Fcomments&post=1582"}],"version-history":[{"count":3,"href":"https:\/\/www.finaroca.com\/index.php?rest_route=\/wp\/v2\/posts\/1582\/revisions"}],"predecessor-version":[{"id":1810,"href":"https:\/\/www.finaroca.com\/index.php?rest_route=\/wp\/v2\/posts\/1582\/revisions\/1810"}],"wp:attachment":[{"href":"https:\/\/www.finaroca.com\/index.php?rest_route=%2Fwp%2Fv2%2Fmedia&parent=1582"}],"wp:term":[{"taxonomy":"category","embeddable":true,"href":"https:\/\/www.finaroca.com\/index.php?rest_route=%2Fwp%2Fv2%2Fcategories&post=1582"},{"taxonomy":"post_tag","embeddable":true,"href":"https:\/\/www.finaroca.com\/index.php?rest_route=%2Fwp%2Fv2%2Ftags&post=1582"}],"curies":[{"name":"wp","href":"https:\/\/api.w.org\/{rel}","templated":true}]}}