{"id":1577,"date":"2011-07-25T15:22:39","date_gmt":"2011-07-25T13:22:39","guid":{"rendered":"http:\/\/www.finaroca.com\/?p=1577"},"modified":"2017-04-24T11:53:14","modified_gmt":"2017-04-24T11:53:14","slug":"feira-corunesa-das-artes-plasticas","status":"publish","type":"post","link":"https:\/\/www.finaroca.com\/?p=1577","title":{"rendered":"Feira coru\u00f1esa das Artes Pl\u00e1sticas&#8230;"},"content":{"rendered":"<p>Ate hoxe, d\u00eda de Santiago, podedes gozar da da <strong>D\u00e9cima Feira de Artes Pl\u00e1sticas da Coru\u00f1a<\/strong>. Un lugar de encontro,\u00a0sito\u00a0nos xard\u00edns de M\u00e9ndez N\u00fa\u00f1ez. Cabe subli\u00f1ar que, se queredes invertir en arte, esta \u00e9 unha oportunidade \u00fanica, en primeiro lugar porque podedes interactuar, en directo, cos pintores\/as e art\u00edstistas pl\u00e1sticos galegos, en segundo lugar porque os prezos da s\u00faa obra \u00e9 sempre m\u00e1s barata que nas galer\u00edas expositivas.<\/p>\n<p>O actual alcalde de A Coru\u00f1a, <strong>Carlos Negreira,<\/strong> encargouse de inaugurar a devandita feira, percorrendo unha por una as casetas dos artistas pl\u00e1sticos galegos que preside <strong>Pedro Bueno<\/strong>. Xa coincid\u00edn con Negreira en dous eventos e, a\u00ednda que non participamos da mesma idiolox\u00eda pol\u00edtica, son demasiado \u00e1crata para arrimarme a ningu\u00e9n,\u00a0dou fe que non leva a prensa pegada ao cu, como fac\u00eda o seu predecesor no cargo; agora o que\u00a0fai falla \u00e9\u00a0que deixe de pensar no partido e que loite pola Coru\u00f1a.<\/p>\n<p><img loading=\"lazy\" decoding=\"async\" class=\"alignnone size-large wp-image-1806\" src=\"https:\/\/www.finaroca.com\/wp-content\/uploads\/2017\/04\/Fina-Roca-casetas-A-Coru\u00c3\u00b1a-004-1024x768.jpg\" alt=\"\" width=\"525\" height=\"394\" srcset=\"https:\/\/www.finaroca.com\/wp-content\/uploads\/2017\/04\/Fina-Roca-casetas-A-Coru\u00c3\u00b1a-004-1024x768.jpg 1024w, https:\/\/www.finaroca.com\/wp-content\/uploads\/2017\/04\/Fina-Roca-casetas-A-Coru\u00c3\u00b1a-004-300x225.jpg 300w, https:\/\/www.finaroca.com\/wp-content\/uploads\/2017\/04\/Fina-Roca-casetas-A-Coru\u00c3\u00b1a-004-768x576.jpg 768w\" sizes=\"auto, (max-width: 525px) 100vw, 525px\" \/><\/p>\n<p>Velaiqu\u00ed ao xove artista e arquitecto Oscar Cabana: Un valor incuestionable e laureado por toda a s\u00faa obra:<\/p>\n<p><a href=\"http:\/\/oscarcabana.com\/\">http:\/\/oscarcabana.com\/<\/a><\/p>\n<p><img loading=\"lazy\" decoding=\"async\" class=\"alignnone size-large wp-image-1805\" src=\"https:\/\/www.finaroca.com\/wp-content\/uploads\/2017\/04\/Fina-Roca-casetas-A-Coru\u00c3\u00b1a-001-1024x768.jpg\" alt=\"\" width=\"525\" height=\"394\" srcset=\"https:\/\/www.finaroca.com\/wp-content\/uploads\/2017\/04\/Fina-Roca-casetas-A-Coru\u00c3\u00b1a-001-1024x768.jpg 1024w, https:\/\/www.finaroca.com\/wp-content\/uploads\/2017\/04\/Fina-Roca-casetas-A-Coru\u00c3\u00b1a-001-300x225.jpg 300w, https:\/\/www.finaroca.com\/wp-content\/uploads\/2017\/04\/Fina-Roca-casetas-A-Coru\u00c3\u00b1a-001-768x576.jpg 768w\" sizes=\"auto, (max-width: 525px) 100vw, 525px\" \/><\/p>\n<p>Hoxe tam\u00e9n pecha as s\u00faas portas a <strong>feira das Marabillas<\/strong>, feira medieval da cidade vella herculina, que, onte, empezou con chuvia pero, afortunadamente a\u00a0tardi\u00f1a escampou un pouco e puid\u00e9mola visitar, con distintas\u00a0actuaci\u00f3ns de danza, m\u00fasica\u00a0e acrobacias:<\/p>\n<p><a href=\"http:\/\/www.paxinasgalegas.es\/fiestas\/xvii-feira-das-marabillas-a-coru%C3%B1a-3235.html\">http:\/\/www.paxinasgalegas.es\/fiestas\/xvii-feira-das-marabillas-a-coru%C3%B1a-3235.html<\/a><\/p>\n<p>Texto e fotos:<strong> Fina Roca<\/strong><\/p>\n","protected":false},"excerpt":{"rendered":"<p>Ate hoxe, d\u00eda de Santiago, podedes gozar da da D\u00e9cima Feira de Artes Pl\u00e1sticas da Coru\u00f1a. Un lugar de encontro,\u00a0sito\u00a0nos xard\u00edns de M\u00e9ndez N\u00fa\u00f1ez. Cabe subli\u00f1ar que, se queredes invertir en arte, esta \u00e9 unha oportunidade \u00fanica, en primeiro lugar porque podedes interactuar, en directo, cos pintores\/as e art\u00edstistas pl\u00e1sticos galegos, en segundo lugar porque &hellip; <\/p>\n<p class=\"link-more\"><a href=\"https:\/\/www.finaroca.com\/?p=1577\" class=\"more-link\">Continuar lendo<span class=\"screen-reader-text\"> &#8220;Feira coru\u00f1esa das Artes Pl\u00e1sticas&#8230;&#8221;<\/span><\/a><\/p>\n","protected":false},"author":1,"featured_media":0,"comment_status":"open","ping_status":"open","sticky":false,"template":"","format":"standard","meta":{"footnotes":""},"categories":[25,1],"tags":[],"class_list":["post-1577","post","type-post","status-publish","format-standard","hentry","category-exposicions","category-sen-clasificar"],"_links":{"self":[{"href":"https:\/\/www.finaroca.com\/index.php?rest_route=\/wp\/v2\/posts\/1577","targetHints":{"allow":["GET"]}}],"collection":[{"href":"https:\/\/www.finaroca.com\/index.php?rest_route=\/wp\/v2\/posts"}],"about":[{"href":"https:\/\/www.finaroca.com\/index.php?rest_route=\/wp\/v2\/types\/post"}],"author":[{"embeddable":true,"href":"https:\/\/www.finaroca.com\/index.php?rest_route=\/wp\/v2\/users\/1"}],"replies":[{"embeddable":true,"href":"https:\/\/www.finaroca.com\/index.php?rest_route=%2Fwp%2Fv2%2Fcomments&post=1577"}],"version-history":[{"count":3,"href":"https:\/\/www.finaroca.com\/index.php?rest_route=\/wp\/v2\/posts\/1577\/revisions"}],"predecessor-version":[{"id":1809,"href":"https:\/\/www.finaroca.com\/index.php?rest_route=\/wp\/v2\/posts\/1577\/revisions\/1809"}],"wp:attachment":[{"href":"https:\/\/www.finaroca.com\/index.php?rest_route=%2Fwp%2Fv2%2Fmedia&parent=1577"}],"wp:term":[{"taxonomy":"category","embeddable":true,"href":"https:\/\/www.finaroca.com\/index.php?rest_route=%2Fwp%2Fv2%2Fcategories&post=1577"},{"taxonomy":"post_tag","embeddable":true,"href":"https:\/\/www.finaroca.com\/index.php?rest_route=%2Fwp%2Fv2%2Ftags&post=1577"}],"curies":[{"name":"wp","href":"https:\/\/api.w.org\/{rel}","templated":true}]}}