{"id":1455,"date":"2010-06-04T01:04:25","date_gmt":"2010-06-03T23:04:25","guid":{"rendered":"http:\/\/www.finaroca.com\/?p=1455"},"modified":"2017-04-24T12:53:11","modified_gmt":"2017-04-24T12:53:11","slug":"eliska-fischerova-khiria","status":"publish","type":"post","link":"https:\/\/www.finaroca.com\/?p=1455","title":{"rendered":"Eliska Fischerov\u00e1 KHIRIA&#8230;"},"content":{"rendered":"<p>Baixo o nome de <strong>Mal\u00e1 Utopie (Utop\u00eda de muller)<\/strong> ven de inaugurarse na galer\u00eda coru\u00f1esa de Alen Klass <a href=\"http:\/\/www.alenklass.es\/\">http:\/\/www.alenklass.es\/<\/a>\u00a0 unha singular exposici\u00f3n de Fotograf\u00eda da <strong>artista checa<\/strong> <strong>Eliska Fischerov\u00e1<\/strong> (Khiria)<\/p>\n<p>O acto de presentaci\u00f3n estivo moi animado, concurrido\u00a0e divertido:\u00a0 Alex actuou de int\u00e9rprete, a pintora Rosa de descubridora de xenios\u00a0e\u00a0Eugenia de mestra de cerimonias.<\/p>\n<p><img loading=\"lazy\" decoding=\"async\" class=\"alignnone size-full wp-image-1872\" src=\"https:\/\/www.finaroca.com\/wp-content\/uploads\/2017\/04\/Fina-Roca.-Eliska-Fischerov\u00c3\u00a1-012.jpg\" alt=\"\" width=\"448\" height=\"336\" srcset=\"https:\/\/www.finaroca.com\/wp-content\/uploads\/2017\/04\/Fina-Roca.-Eliska-Fischerov\u00c3\u00a1-012.jpg 448w, https:\/\/www.finaroca.com\/wp-content\/uploads\/2017\/04\/Fina-Roca.-Eliska-Fischerov\u00c3\u00a1-012-300x225.jpg 300w\" sizes=\"auto, (max-width: 448px) 100vw, 448px\" \/><\/p>\n<p>Eliska Fischerov\u00e1 ten 22 anos, \u00e9 unha das modelos alternativas m\u00e1is prestixiadas da Rep\u00fablica Checa e unha das promesas m\u00e1is importantes da fotograf\u00eda deste pa\u00eds que paga a pena visitar anque s\u00f3 sexa de forma virtual: \u00a0<a href=\"http:\/\/www.disfrutapraga.com\/\">http:\/\/www.disfrutapraga.com\/<\/a><\/p>\n<p>Eliska empezou pintar con sete anos de idade, pero, aos dazasete, descubriu a fotograf\u00eda dixital e quedouse prendada do photoshop e at\u00e9 de agora. Estudiou fotograf\u00eda no Instituto da Arte e Comunicaci\u00f3n Visual de Praga. Se serve de se mesma, oomo\u00a0modelo, para\u00a0facer as\u00a0fotos,\u00a0e tam\u00e9n se deita das s\u00faas amigas.<\/p>\n<p>Velaiqu\u00ed coa s\u00faa est\u00e9tica g\u00f3tica\u00a0e coa s\u00faa nai, quen non quixo perder a primeira exposici\u00f3n da s\u00faa filla en Espa\u00f1a.<\/p>\n<p><img loading=\"lazy\" decoding=\"async\" class=\"alignnone size-full wp-image-1866\" src=\"https:\/\/www.finaroca.com\/wp-content\/uploads\/2017\/04\/Fina-Roca.-Eliska-Fischerov\u00c3\u00a1-001.jpg\" alt=\"\" width=\"448\" height=\"336\" srcset=\"https:\/\/www.finaroca.com\/wp-content\/uploads\/2017\/04\/Fina-Roca.-Eliska-Fischerov\u00c3\u00a1-001.jpg 448w, https:\/\/www.finaroca.com\/wp-content\/uploads\/2017\/04\/Fina-Roca.-Eliska-Fischerov\u00c3\u00a1-001-300x225.jpg 300w\" sizes=\"auto, (max-width: 448px) 100vw, 448px\" \/> <img loading=\"lazy\" decoding=\"async\" class=\"alignnone size-full wp-image-1871\" src=\"https:\/\/www.finaroca.com\/wp-content\/uploads\/2017\/04\/Fina-Roca.-Eliska-Fischerov\u00c3\u00a1-010.jpg\" alt=\"\" width=\"448\" height=\"336\" srcset=\"https:\/\/www.finaroca.com\/wp-content\/uploads\/2017\/04\/Fina-Roca.-Eliska-Fischerov\u00c3\u00a1-010.jpg 448w, https:\/\/www.finaroca.com\/wp-content\/uploads\/2017\/04\/Fina-Roca.-Eliska-Fischerov\u00c3\u00a1-010-300x225.jpg 300w\" sizes=\"auto, (max-width: 448px) 100vw, 448px\" \/><\/p>\n<p><a href=\"http:\/\/www.khiria.com\/\">http:\/\/www.khiria.com\/<\/a><\/p>\n<p>Autorretratos:<\/p>\n<p><img loading=\"lazy\" decoding=\"async\" class=\"alignnone size-full wp-image-1869\" src=\"https:\/\/www.finaroca.com\/wp-content\/uploads\/2017\/04\/Fina-Roca.-Eliska-Fischerov\u00c3\u00a1-007.jpg\" alt=\"\" width=\"448\" height=\"336\" srcset=\"https:\/\/www.finaroca.com\/wp-content\/uploads\/2017\/04\/Fina-Roca.-Eliska-Fischerov\u00c3\u00a1-007.jpg 448w, https:\/\/www.finaroca.com\/wp-content\/uploads\/2017\/04\/Fina-Roca.-Eliska-Fischerov\u00c3\u00a1-007-300x225.jpg 300w\" sizes=\"auto, (max-width: 448px) 100vw, 448px\" \/> <img loading=\"lazy\" decoding=\"async\" class=\"alignnone size-full wp-image-1867\" src=\"https:\/\/www.finaroca.com\/wp-content\/uploads\/2017\/04\/Fina-Roca.-Eliska-Fischerov\u00c3\u00a1-004.jpg\" alt=\"\" width=\"448\" height=\"336\" srcset=\"https:\/\/www.finaroca.com\/wp-content\/uploads\/2017\/04\/Fina-Roca.-Eliska-Fischerov\u00c3\u00a1-004.jpg 448w, https:\/\/www.finaroca.com\/wp-content\/uploads\/2017\/04\/Fina-Roca.-Eliska-Fischerov\u00c3\u00a1-004-300x225.jpg 300w\" sizes=\"auto, (max-width: 448px) 100vw, 448px\" \/> <img loading=\"lazy\" decoding=\"async\" class=\"alignnone size-full wp-image-1868\" src=\"https:\/\/www.finaroca.com\/wp-content\/uploads\/2017\/04\/Fina-Roca.-Eliska-Fischerov\u00c3\u00a1-006.jpg\" alt=\"\" width=\"448\" height=\"336\" srcset=\"https:\/\/www.finaroca.com\/wp-content\/uploads\/2017\/04\/Fina-Roca.-Eliska-Fischerov\u00c3\u00a1-006.jpg 448w, https:\/\/www.finaroca.com\/wp-content\/uploads\/2017\/04\/Fina-Roca.-Eliska-Fischerov\u00c3\u00a1-006-300x225.jpg 300w\" sizes=\"auto, (max-width: 448px) 100vw, 448px\" \/><\/p>\n<p>Aspecto de Al\u00e9n Klass Arte, unha sala de exposici\u00f3ns modesta,\u00a0que est\u00e1 a marcar o\u00a0ritmo art\u00edstico da cidade coru\u00f1esa dando a co\u00f1ecer e descubrindo\u00a0grandes artistas de talla universal.<\/p>\n<p><img loading=\"lazy\" decoding=\"async\" class=\"alignnone size-full wp-image-1870\" src=\"https:\/\/www.finaroca.com\/wp-content\/uploads\/2017\/04\/Fina-Roca.-Eliska-Fischerov\u00c3\u00a1-009.jpg\" alt=\"\" width=\"448\" height=\"336\" srcset=\"https:\/\/www.finaroca.com\/wp-content\/uploads\/2017\/04\/Fina-Roca.-Eliska-Fischerov\u00c3\u00a1-009.jpg 448w, https:\/\/www.finaroca.com\/wp-content\/uploads\/2017\/04\/Fina-Roca.-Eliska-Fischerov\u00c3\u00a1-009-300x225.jpg 300w\" sizes=\"auto, (max-width: 448px) 100vw, 448px\" \/><\/p>\n<p>Esta foto chamou poderosamente a atenci\u00f3n: a modelo \u00e9 unha amiga de Khira, pero tanto \u00e1 dereita como a esquerda aparecen d\u00faas pantasmas que para se quixer o presentador de Milenium.<\/p>\n<p>A exposici\u00f3n estar\u00e1 aberta do 3 ao 25 de xu\u00f1o de 2010: C\/\u00a0 Dolores Rodr\u00edguez Sope\u00f1a, 9, A Coru\u00f1a.<\/p>\n<p><strong>Texto e fotos: Fina Roca<\/strong><\/p>\n","protected":false},"excerpt":{"rendered":"<p>Baixo o nome de Mal\u00e1 Utopie (Utop\u00eda de muller) ven de inaugurarse na galer\u00eda coru\u00f1esa de Alen Klass http:\/\/www.alenklass.es\/\u00a0 unha singular exposici\u00f3n de Fotograf\u00eda da artista checa Eliska Fischerov\u00e1 (Khiria) O acto de presentaci\u00f3n estivo moi animado, concurrido\u00a0e divertido:\u00a0 Alex actuou de int\u00e9rprete, a pintora Rosa de descubridora de xenios\u00a0e\u00a0Eugenia de mestra de cerimonias. Eliska &hellip; <\/p>\n<p class=\"link-more\"><a href=\"https:\/\/www.finaroca.com\/?p=1455\" class=\"more-link\">Continuar lendo<span class=\"screen-reader-text\"> &#8220;Eliska Fischerov\u00e1 KHIRIA&#8230;&#8221;<\/span><\/a><\/p>\n","protected":false},"author":1,"featured_media":0,"comment_status":"open","ping_status":"open","sticky":false,"template":"","format":"standard","meta":{"footnotes":""},"categories":[25],"tags":[],"class_list":["post-1455","post","type-post","status-publish","format-standard","hentry","category-exposicions"],"_links":{"self":[{"href":"https:\/\/www.finaroca.com\/index.php?rest_route=\/wp\/v2\/posts\/1455","targetHints":{"allow":["GET"]}}],"collection":[{"href":"https:\/\/www.finaroca.com\/index.php?rest_route=\/wp\/v2\/posts"}],"about":[{"href":"https:\/\/www.finaroca.com\/index.php?rest_route=\/wp\/v2\/types\/post"}],"author":[{"embeddable":true,"href":"https:\/\/www.finaroca.com\/index.php?rest_route=\/wp\/v2\/users\/1"}],"replies":[{"embeddable":true,"href":"https:\/\/www.finaroca.com\/index.php?rest_route=%2Fwp%2Fv2%2Fcomments&post=1455"}],"version-history":[{"count":4,"href":"https:\/\/www.finaroca.com\/index.php?rest_route=\/wp\/v2\/posts\/1455\/revisions"}],"predecessor-version":[{"id":1876,"href":"https:\/\/www.finaroca.com\/index.php?rest_route=\/wp\/v2\/posts\/1455\/revisions\/1876"}],"wp:attachment":[{"href":"https:\/\/www.finaroca.com\/index.php?rest_route=%2Fwp%2Fv2%2Fmedia&parent=1455"}],"wp:term":[{"taxonomy":"category","embeddable":true,"href":"https:\/\/www.finaroca.com\/index.php?rest_route=%2Fwp%2Fv2%2Fcategories&post=1455"},{"taxonomy":"post_tag","embeddable":true,"href":"https:\/\/www.finaroca.com\/index.php?rest_route=%2Fwp%2Fv2%2Ftags&post=1455"}],"curies":[{"name":"wp","href":"https:\/\/api.w.org\/{rel}","templated":true}]}}