{"id":1392,"date":"2010-03-27T21:17:05","date_gmt":"2010-03-27T19:17:05","guid":{"rendered":"http:\/\/www.finaroca.com\/?p=1392"},"modified":"2017-04-24T15:30:32","modified_gmt":"2017-04-24T15:30:32","slug":"1392","status":"publish","type":"post","link":"https:\/\/www.finaroca.com\/?p=1392","title":{"rendered":"Gran Formato&#8230;"},"content":{"rendered":"<p>Una exposici\u00f3n que paga a pena e nun lugar, que incita ao paseo e sosego: <strong>Aula de Natureza do Xard\u00edn Bot\u00e1nico da R\u00eda do Burgo<\/strong>\u00a0(Culleredo-A Coru\u00f1a). Dende o 26 de marzo ao24 de abril. Horario: Luns a venres de 18.00 a 21.00 h. S\u00e1bados: de 11.00 a 13.30 e de 16.00 a 20.00 h.<\/p>\n<p>Expo\u00f1en en gran formato, -acr\u00edlicos, \u00f3leos e t\u00e9cnicas mixtas- , os\/as artistas: Alfonso Costa,\u00a0\u00c1ngeles Jorreto, Laureano Vidal, Lola Beade, Lu\u00eds Romero, <strong>Mar\u00eda Manuela<\/strong>, M\u00aa Xes\u00fas D\u00edaz, Oscar Cabana, Pedro Bueno, Rilo, Tino Poza e X.V\u00e1zquez Castro. A presentaci\u00f3n correu a cargo de Celestino Poza, concellleiro de Cultura de Culleredo. Escritores e poetas non faltaron como podemos ver nas fotos.<\/p>\n<p><strong>Mar\u00eda Manuela\u00a0e Oscar Cabana (de quen xa te\u00f1o falado amplamente nestas p\u00e1xinas) falan amizosamente nos minutos previos a inauguraci\u00f3n.\u00a0<\/strong><\/p>\n<p><img loading=\"lazy\" decoding=\"async\" class=\"alignnone size-full wp-image-1900\" src=\"https:\/\/www.finaroca.com\/wp-content\/uploads\/2017\/04\/marzo-2010-Fina-Roca.-Exposici\u00c3\u00b3n-Gran-formato.-003.jpg\" alt=\"\" width=\"448\" height=\"336\" srcset=\"https:\/\/www.finaroca.com\/wp-content\/uploads\/2017\/04\/marzo-2010-Fina-Roca.-Exposici\u00c3\u00b3n-Gran-formato.-003.jpg 448w, https:\/\/www.finaroca.com\/wp-content\/uploads\/2017\/04\/marzo-2010-Fina-Roca.-Exposici\u00c3\u00b3n-Gran-formato.-003-300x225.jpg 300w\" sizes=\"auto, (max-width: 448px) 100vw, 448px\" \/><\/p>\n<p><strong>Cumbre de Lola Boedo:<\/strong><\/p>\n<p><img loading=\"lazy\" decoding=\"async\" class=\"alignnone size-full wp-image-1902\" src=\"https:\/\/www.finaroca.com\/wp-content\/uploads\/2017\/04\/marzo-2010-Fina-Roca.-Exposici\u00c3\u00b3n-Gran-formato.-006.jpg\" alt=\"\" width=\"448\" height=\"336\" srcset=\"https:\/\/www.finaroca.com\/wp-content\/uploads\/2017\/04\/marzo-2010-Fina-Roca.-Exposici\u00c3\u00b3n-Gran-formato.-006.jpg 448w, https:\/\/www.finaroca.com\/wp-content\/uploads\/2017\/04\/marzo-2010-Fina-Roca.-Exposici\u00c3\u00b3n-Gran-formato.-006-300x225.jpg 300w\" sizes=\"auto, (max-width: 448px) 100vw, 448px\" \/><\/p>\n<p><strong>Os autores fronte a s\u00faa obra<\/strong>:<\/p>\n<p><img loading=\"lazy\" decoding=\"async\" class=\"alignnone size-full wp-image-1903\" src=\"https:\/\/www.finaroca.com\/wp-content\/uploads\/2017\/04\/marzo-2010-Fina-Roca.-Exposici\u00c3\u00b3n-Gran-formato.-010.jpg\" alt=\"\" width=\"448\" height=\"336\" srcset=\"https:\/\/www.finaroca.com\/wp-content\/uploads\/2017\/04\/marzo-2010-Fina-Roca.-Exposici\u00c3\u00b3n-Gran-formato.-010.jpg 448w, https:\/\/www.finaroca.com\/wp-content\/uploads\/2017\/04\/marzo-2010-Fina-Roca.-Exposici\u00c3\u00b3n-Gran-formato.-010-300x225.jpg 300w\" sizes=\"auto, (max-width: 448px) 100vw, 448px\" \/> <img loading=\"lazy\" decoding=\"async\" class=\"alignnone size-full wp-image-1904\" src=\"https:\/\/www.finaroca.com\/wp-content\/uploads\/2017\/04\/marzo-2010-Fina-Roca.-Exposici\u00c3\u00b3n-Gran-formato.-011.jpg\" alt=\"\" width=\"448\" height=\"336\" srcset=\"https:\/\/www.finaroca.com\/wp-content\/uploads\/2017\/04\/marzo-2010-Fina-Roca.-Exposici\u00c3\u00b3n-Gran-formato.-011.jpg 448w, https:\/\/www.finaroca.com\/wp-content\/uploads\/2017\/04\/marzo-2010-Fina-Roca.-Exposici\u00c3\u00b3n-Gran-formato.-011-300x225.jpg 300w\" sizes=\"auto, (max-width: 448px) 100vw, 448px\" \/> <img loading=\"lazy\" decoding=\"async\" class=\"alignnone size-full wp-image-1901\" src=\"https:\/\/www.finaroca.com\/wp-content\/uploads\/2017\/04\/marzo-2010-Fina-Roca.-Exposici\u00c3\u00b3n-Gran-formato.-004.jpg\" alt=\"\" width=\"448\" height=\"336\" srcset=\"https:\/\/www.finaroca.com\/wp-content\/uploads\/2017\/04\/marzo-2010-Fina-Roca.-Exposici\u00c3\u00b3n-Gran-formato.-004.jpg 448w, https:\/\/www.finaroca.com\/wp-content\/uploads\/2017\/04\/marzo-2010-Fina-Roca.-Exposici\u00c3\u00b3n-Gran-formato.-004-300x225.jpg 300w\" sizes=\"auto, (max-width: 448px) 100vw, 448px\" \/> <img loading=\"lazy\" decoding=\"async\" class=\"alignnone size-full wp-image-1899\" src=\"https:\/\/www.finaroca.com\/wp-content\/uploads\/2017\/04\/marzo-2010-Fina-Roca.-Exposici\u00c3\u00b3n-Gran-formato.-001.jpg\" alt=\"\" width=\"448\" height=\"336\" srcset=\"https:\/\/www.finaroca.com\/wp-content\/uploads\/2017\/04\/marzo-2010-Fina-Roca.-Exposici\u00c3\u00b3n-Gran-formato.-001.jpg 448w, https:\/\/www.finaroca.com\/wp-content\/uploads\/2017\/04\/marzo-2010-Fina-Roca.-Exposici\u00c3\u00b3n-Gran-formato.-001-300x225.jpg 300w\" sizes=\"auto, (max-width: 448px) 100vw, 448px\" \/><\/p>\n<p><strong>Texto e fotos: Fina Roca<\/strong><\/p>\n","protected":false},"excerpt":{"rendered":"<p>Una exposici\u00f3n que paga a pena e nun lugar, que incita ao paseo e sosego: Aula de Natureza do Xard\u00edn Bot\u00e1nico da R\u00eda do Burgo\u00a0(Culleredo-A Coru\u00f1a). Dende o 26 de marzo ao24 de abril. Horario: Luns a venres de 18.00 a 21.00 h. S\u00e1bados: de 11.00 a 13.30 e de 16.00 a 20.00 h. Expo\u00f1en &hellip; <\/p>\n<p class=\"link-more\"><a href=\"https:\/\/www.finaroca.com\/?p=1392\" class=\"more-link\">Continuar lendo<span class=\"screen-reader-text\"> &#8220;Gran Formato&#8230;&#8221;<\/span><\/a><\/p>\n","protected":false},"author":1,"featured_media":0,"comment_status":"open","ping_status":"open","sticky":false,"template":"","format":"standard","meta":{"footnotes":""},"categories":[25,1],"tags":[],"class_list":["post-1392","post","type-post","status-publish","format-standard","hentry","category-exposicions","category-sen-clasificar"],"_links":{"self":[{"href":"https:\/\/www.finaroca.com\/index.php?rest_route=\/wp\/v2\/posts\/1392","targetHints":{"allow":["GET"]}}],"collection":[{"href":"https:\/\/www.finaroca.com\/index.php?rest_route=\/wp\/v2\/posts"}],"about":[{"href":"https:\/\/www.finaroca.com\/index.php?rest_route=\/wp\/v2\/types\/post"}],"author":[{"embeddable":true,"href":"https:\/\/www.finaroca.com\/index.php?rest_route=\/wp\/v2\/users\/1"}],"replies":[{"embeddable":true,"href":"https:\/\/www.finaroca.com\/index.php?rest_route=%2Fwp%2Fv2%2Fcomments&post=1392"}],"version-history":[{"count":3,"href":"https:\/\/www.finaroca.com\/index.php?rest_route=\/wp\/v2\/posts\/1392\/revisions"}],"predecessor-version":[{"id":1907,"href":"https:\/\/www.finaroca.com\/index.php?rest_route=\/wp\/v2\/posts\/1392\/revisions\/1907"}],"wp:attachment":[{"href":"https:\/\/www.finaroca.com\/index.php?rest_route=%2Fwp%2Fv2%2Fmedia&parent=1392"}],"wp:term":[{"taxonomy":"category","embeddable":true,"href":"https:\/\/www.finaroca.com\/index.php?rest_route=%2Fwp%2Fv2%2Fcategories&post=1392"},{"taxonomy":"post_tag","embeddable":true,"href":"https:\/\/www.finaroca.com\/index.php?rest_route=%2Fwp%2Fv2%2Ftags&post=1392"}],"curies":[{"name":"wp","href":"https:\/\/api.w.org\/{rel}","templated":true}]}}