{"id":1376,"date":"2010-03-06T19:48:59","date_gmt":"2010-03-06T17:48:59","guid":{"rendered":"http:\/\/www.finaroca.com\/?p=1376"},"modified":"2017-04-24T15:33:11","modified_gmt":"2017-04-24T15:33:11","slug":"a-lei-do-cemento-presuma-do-seu-barrio","status":"publish","type":"post","link":"https:\/\/www.finaroca.com\/?p=1376","title":{"rendered":"A Lei do cemento: presuma do seu barrio"},"content":{"rendered":"<p><strong>Antes e despois:<\/strong><\/p>\n<p><strong>Coru\u00f1a: <\/strong><\/p>\n<p>A) R\u00faa da Igrexa (Monelos)\u00a01\u00a0de marzo de\u00a02010: Fermosas casi\u00f1as de pedra con patio, solana e horta.<\/p>\n<p><img loading=\"lazy\" decoding=\"async\" class=\"alignnone size-full wp-image-1909\" src=\"https:\/\/www.finaroca.com\/wp-content\/uploads\/2017\/04\/cami\u00c3\u00b1o-da-igrexa-31.jpg\" alt=\"\" width=\"480\" height=\"640\" srcset=\"https:\/\/www.finaroca.com\/wp-content\/uploads\/2017\/04\/cami\u00c3\u00b1o-da-igrexa-31.jpg 480w, https:\/\/www.finaroca.com\/wp-content\/uploads\/2017\/04\/cami\u00c3\u00b1o-da-igrexa-31-225x300.jpg 225w\" sizes=\"auto, (max-width: 480px) 100vw, 480px\" \/><\/p>\n<p>B) <strong>5 de marzo de 2010<\/strong>: s\u00e1bado \u00e1s cinco da tarde. <strong>L\u00f3pez Cao non pasa crises<\/strong>, perante a semana ten os cami\u00f3ns traballando para o Concello de A\u00a0Coru\u00f1a, e os s\u00e1bados, malia o convenio da construcci\u00f3n, traballa para as empresas privadas que sustit\u00faen esas casas tan lindas que rodeaban o parque de Oza por eses monstrencos de cemento.\u00a0Asemade a devandita empresa, aproveita o descanso semanal de mediod\u00eda para po\u00f1er a traballar ao capataz da obra, obreiros e camioneiros para\u00a0vallar e levar o desentullo das casas derru\u00eddas do Cami\u00f1o da Igrexa\u00a0para o propio parque de Oza, para detr\u00e1s do Instituto de Monelos.<\/p>\n<p><img decoding=\"async\" id=\"image1379\" title=\"marzo 20010, Fina Roca. 008.jpg\" src=\"https:\/\/www.finaroca.com\/wp-content\/uploads\/2010\/03\/marzo%2020010,%20%20Fina%20Roca.%20008.jpg\" alt=\"marzo 20010, Fina Roca. 008.jpg\" \/><\/p>\n<p>Velaqu\u00ed:<\/p>\n<p>C) Namentras os sufridos veci\u00f1os aguantan as desfeitas e consabido po nas casas e patios interiores. Van para catro anos que est\u00e1n a aguantar o que se ve nas fotos. E o ALCALDE da cidade\u00a0orgulloso de todo\u00a0cos seus\u00a0cami\u00f3ns expositivos de fotos baixo a plica\u00a0de <strong>presuma do seu barrio. Hai que foderse!<\/strong><\/p>\n<p><img decoding=\"async\" id=\"image1375\" title=\"2009-20010, arquivos Fina Roca. 241.jpg\" src=\"https:\/\/www.finaroca.com\/wp-content\/uploads\/2010\/03\/2009-20010,%20arquivos%20Fina%20Roca.%20241.jpg\" alt=\"2009-20010, arquivos Fina Roca. 241.jpg\" \/><\/p>\n<p><img decoding=\"async\" id=\"image1377\" title=\"2009-20010, arquivos Fina Roca. 251.jpg\" src=\"https:\/\/www.finaroca.com\/wp-content\/uploads\/2010\/03\/2009-20010,%20arquivos%20Fina%20Roca.%20251.jpg\" alt=\"2009-20010, arquivos Fina Roca. 251.jpg\" \/><\/p>\n<p><img decoding=\"async\" id=\"image1378\" title=\"2009-20010, arquivos Fina Roca. 242.jpg\" src=\"https:\/\/www.finaroca.com\/wp-content\/uploads\/2010\/03\/2009-20010,%20arquivos%20Fina%20Roca.%20242.jpg\" alt=\"2009-20010, arquivos Fina Roca. 242.jpg\" \/><\/p>\n<p><img decoding=\"async\" id=\"image1368\" title=\"2009-20010, arquivos Fina Roca. 237.jpg\" src=\"https:\/\/www.finaroca.com\/wp-content\/uploads\/2010\/03\/2009-20010,%20arquivos%20Fina%20Roca.%20237.jpg\" alt=\"2009-20010, arquivos Fina Roca. 237.jpg\" \/><\/p>\n<p><img decoding=\"async\" id=\"image1371\" title=\"2009-20010, arquivos Fina Roca. 248.jpg\" src=\"https:\/\/www.finaroca.com\/wp-content\/uploads\/2010\/03\/2009-20010,%20arquivos%20Fina%20Roca.%20248.jpg\" alt=\"2009-20010, arquivos Fina Roca. 248.jpg\" \/><\/p>\n<p><img decoding=\"async\" id=\"image1382\" title=\"2009-20010, arquivos Fina Roca. 2631.jpg\" src=\"https:\/\/www.finaroca.com\/wp-content\/uploads\/2010\/03\/2009-20010,%20arquivos%20Fina%20Roca.%202631.jpg\" alt=\"2009-20010, arquivos Fina Roca. 2631.jpg\" \/><\/p>\n<p>Maravillosas construcci\u00f3ns no entorno do parque de Oza na r\u00faa\u00a0da Igrexa: en lugar de agrandar o cami\u00f1o o\u00a0achican a\u00ednda m\u00e1is. Apenas pasa un coche con dificultade e a\u00ednda queda o consabido\u00a0bloque de cemento que van a facer no lugar que estamos a ver. Vamos! Que construcci\u00f3ns L\u00f3pez Cao f\u00f3rrase e Urba + tam\u00e9n: <strong>todo queda na casa.<\/strong><\/p>\n<p><strong>Os cami\u00f3ns que traballan en s\u00e1bado cargan os pilares de pedra das casas da desfeita e mailas vigas de madeira noble, que de seguro consti\u00faen un novo negocio sen IVA. E os Sindicatos calan. Quen m\u00e1is quen menos pon o cazo para beneficiarse da crise: a\u00a0Lei do Cemento contin\u00faa.\u00a0<\/strong><\/p>\n<p><img loading=\"lazy\" decoding=\"async\" id=\"image1370\" class=\"\" title=\"2009-20010, arquivos Fina Roca. 247.jpg\" src=\"https:\/\/www.finaroca.com\/wp-content\/uploads\/2010\/03\/2009-20010,%20arquivos%20Fina%20Roca.%20247.jpg\" alt=\"2009-20010, arquivos Fina Roca. 247.jpg\" width=\"448\" height=\"566\" \/><\/p>\n<p><img decoding=\"async\" id=\"image1372\" title=\"2009-20010, arquivos Fina Roca. 249.jpg\" src=\"https:\/\/www.finaroca.com\/wp-content\/uploads\/2010\/03\/2009-20010,%20arquivos%20Fina%20Roca.%20249.jpg\" alt=\"2009-20010, arquivos Fina Roca. 249.jpg\" \/><\/p>\n<p>Non contentos con encher de merda os pisos e patios interiores das R\u00faas colindantes, a\u00ednda por riba meten os colch\u00f3ns que atoparon na obra nun dos patios interiores sen que ningu\u00e9n o remedie. Alguen quere ma\u00eds?<\/p>\n<p>Texto e fotos: Fina Roca<\/p>\n","protected":false},"excerpt":{"rendered":"<p>Antes e despois: Coru\u00f1a: A) R\u00faa da Igrexa (Monelos)\u00a01\u00a0de marzo de\u00a02010: Fermosas casi\u00f1as de pedra con patio, solana e horta. B) 5 de marzo de 2010: s\u00e1bado \u00e1s cinco da tarde. L\u00f3pez Cao non pasa crises, perante a semana ten os cami\u00f3ns traballando para o Concello de A\u00a0Coru\u00f1a, e os s\u00e1bados, malia o convenio da &hellip; <\/p>\n<p class=\"link-more\"><a href=\"https:\/\/www.finaroca.com\/?p=1376\" class=\"more-link\">Continuar lendo<span class=\"screen-reader-text\"> &#8220;A Lei do cemento: presuma do seu barrio&#8221;<\/span><\/a><\/p>\n","protected":false},"author":1,"featured_media":0,"comment_status":"open","ping_status":"open","sticky":false,"template":"","format":"standard","meta":{"footnotes":""},"categories":[5,1],"tags":[],"class_list":["post-1376","post","type-post","status-publish","format-standard","hentry","category-antes-e-despois-fotos","category-sen-clasificar"],"_links":{"self":[{"href":"https:\/\/www.finaroca.com\/index.php?rest_route=\/wp\/v2\/posts\/1376","targetHints":{"allow":["GET"]}}],"collection":[{"href":"https:\/\/www.finaroca.com\/index.php?rest_route=\/wp\/v2\/posts"}],"about":[{"href":"https:\/\/www.finaroca.com\/index.php?rest_route=\/wp\/v2\/types\/post"}],"author":[{"embeddable":true,"href":"https:\/\/www.finaroca.com\/index.php?rest_route=\/wp\/v2\/users\/1"}],"replies":[{"embeddable":true,"href":"https:\/\/www.finaroca.com\/index.php?rest_route=%2Fwp%2Fv2%2Fcomments&post=1376"}],"version-history":[{"count":1,"href":"https:\/\/www.finaroca.com\/index.php?rest_route=\/wp\/v2\/posts\/1376\/revisions"}],"predecessor-version":[{"id":1910,"href":"https:\/\/www.finaroca.com\/index.php?rest_route=\/wp\/v2\/posts\/1376\/revisions\/1910"}],"wp:attachment":[{"href":"https:\/\/www.finaroca.com\/index.php?rest_route=%2Fwp%2Fv2%2Fmedia&parent=1376"}],"wp:term":[{"taxonomy":"category","embeddable":true,"href":"https:\/\/www.finaroca.com\/index.php?rest_route=%2Fwp%2Fv2%2Fcategories&post=1376"},{"taxonomy":"post_tag","embeddable":true,"href":"https:\/\/www.finaroca.com\/index.php?rest_route=%2Fwp%2Fv2%2Ftags&post=1376"}],"curies":[{"name":"wp","href":"https:\/\/api.w.org\/{rel}","templated":true}]}}