{"id":1213,"date":"2009-07-31T23:11:25","date_gmt":"2009-07-31T21:11:25","guid":{"rendered":"http:\/\/www.finaroca.com\/?p=1213"},"modified":"2017-04-24T15:54:40","modified_gmt":"2017-04-24T15:54:40","slug":"resurrection-fest-viveiro","status":"publish","type":"post","link":"https:\/\/www.finaroca.com\/?p=1213","title":{"rendered":"Resurrection Fest, Viveiro"},"content":{"rendered":"<p>M\u00e1is de cinco mil persoas d\u00e9ronse cita no Campo de F\u00fatbol\u00a0 e bisbarra\u00a0de Viveiro para acoller o <strong>RESURRECTION FEST considerado o mellor<\/strong>\u00a0<strong>FESTIVAL de\u00a0HARDCORE de Europa e parte do estranxeiro:<\/strong><\/p>\n<p><a href=\"http:\/\/www.resurrection-fest.com\/\">http:\/\/www.resurrection-fest.com\/<\/a><\/p>\n<p>Abarrote no\u00a0parque de Viveiro perante dous d\u00edas: 31 de xullo e 1 de agosto. Acampada libre no parque, San Roque e Lavandeiras (Celeiro)&#8230; O bono para os dous d\u00edas\u00a0custa 18 euros. De crises, nada, de nada&#8230;\u00a0 Impresionante concertaci\u00f3n de xente de todas partes. Porreros, borrachos\u00a0e abstemios. Hai de todo.\u00a0Ferve Viveiro co hardercord neiorquino, brit\u00e1nico, espa\u00f1ol e galego. Non pasa nada que non pase nun botell\u00f3n local.\u00a0Como unha imaxe vale m\u00e1is que mil palabras velaqu\u00ed:<\/p>\n<p>Quentando m\u00e1quinas: Overcome.<\/p>\n<p><img loading=\"lazy\" decoding=\"async\" class=\"alignnone size-large wp-image-1942\" src=\"https:\/\/www.finaroca.com\/wp-content\/uploads\/2017\/04\/Fina-Roca.-Resurrection-Fest-Viveiro-31-de-xullo-de-2009-054-1024x768.jpg\" alt=\"\" width=\"525\" height=\"394\" srcset=\"https:\/\/www.finaroca.com\/wp-content\/uploads\/2017\/04\/Fina-Roca.-Resurrection-Fest-Viveiro-31-de-xullo-de-2009-054-1024x768.jpg 1024w, https:\/\/www.finaroca.com\/wp-content\/uploads\/2017\/04\/Fina-Roca.-Resurrection-Fest-Viveiro-31-de-xullo-de-2009-054-300x225.jpg 300w, https:\/\/www.finaroca.com\/wp-content\/uploads\/2017\/04\/Fina-Roca.-Resurrection-Fest-Viveiro-31-de-xullo-de-2009-054-768x576.jpg 768w\" sizes=\"auto, (max-width: 525px) 100vw, 525px\" \/><\/p>\n<p>Gardando cola: rapaces e rapaci\u00f1as do Primeiro Ciclo da\u00a0ESO am\u00e9n de adultos de t\u00f3dalas nacionalidades, e profesi\u00f3ns,\u00a0en especial lusos, &#8211; seguidores dos portugueses Fort de Glory e Ratos de Porao-\u00a0non queren perder pancada\u00a0 dos principais grupos hardecord: The Eyes, Rain Is Art, Madballl, H2O, Hazen Street, The Toy Dolls, Mad Caddies, Bytheface, etc&#8230;<\/p>\n<p><img loading=\"lazy\" decoding=\"async\" class=\"alignnone size-large wp-image-1941\" src=\"https:\/\/www.finaroca.com\/wp-content\/uploads\/2017\/04\/Fina-Roca.-Resurrection-Fest-Viveiro-31-de-xullo-de-2009-049-1024x768.jpg\" alt=\"\" width=\"525\" height=\"394\" srcset=\"https:\/\/www.finaroca.com\/wp-content\/uploads\/2017\/04\/Fina-Roca.-Resurrection-Fest-Viveiro-31-de-xullo-de-2009-049-1024x768.jpg 1024w, https:\/\/www.finaroca.com\/wp-content\/uploads\/2017\/04\/Fina-Roca.-Resurrection-Fest-Viveiro-31-de-xullo-de-2009-049-300x225.jpg 300w, https:\/\/www.finaroca.com\/wp-content\/uploads\/2017\/04\/Fina-Roca.-Resurrection-Fest-Viveiro-31-de-xullo-de-2009-049-768x576.jpg 768w\" sizes=\"auto, (max-width: 525px) 100vw, 525px\" \/><\/p>\n<p>Tendas de campa\u00f1a da marca Quechua ata no arc\u00e9n do Estadio:<\/p>\n<p><img decoding=\"async\" id=\"image1216\" title=\"Fina Roca. Resurrection Fest, Viveiro, 31 de xullo de 2009 021.jpg\" src=\"https:\/\/www.finaroca.com\/wp-content\/uploads\/2009\/07\/Fina%20Roca.%20Resurrection%20Fest,%20%20Viveiro,%2031%20de%20xullo%20de%202009%20021.jpg\" alt=\"Fina Roca. Resurrection Fest, Viveiro, 31 de xullo de 2009 021.jpg\" \/><\/p>\n<p>No parque predominaban as cores negras propias dos grupos musicais Metal. Por faltar non faltaban nin os Skingers, nin os PUNK de cores diversos: rubios, rousados, zanahoria etc:<\/p>\n<p><img decoding=\"async\" id=\"image1222\" title=\"Fina Roca. Resurrection Fest, Viveiro, 31 de xullo de 2009 004.jpg\" src=\"https:\/\/www.finaroca.com\/wp-content\/uploads\/2009\/07\/Fina%20Roca.%20Resurrection%20Fest,%20%20Viveiro,%2031%20de%20xullo%20de%202009%20004.jpg\" alt=\"Fina Roca. Resurrection Fest, Viveiro, 31 de xullo de 2009 004.jpg\" \/><\/p>\n<p><img decoding=\"async\" id=\"image1223\" title=\"Fina Roca. Resurrection Fest, Viveiro, 31 de xullo de 2009 012.jpg\" src=\"https:\/\/www.finaroca.com\/wp-content\/uploads\/2009\/07\/Fina%20Roca.%20Resurrection%20Fest,%20%20Viveiro,%2031%20de%20xullo%20de%202009%20012.jpg\" alt=\"Fina Roca. Resurrection Fest, Viveiro, 31 de xullo de 2009 012.jpg\" \/><\/p>\n<p>O chiringito do camping estaba a tope. Mesmo hab\u00eda grupos coas s\u00faas mascotas preferidas, dende cans, cadelas, paxaros e furons:<\/p>\n<p><img decoding=\"async\" id=\"image1217\" title=\"Fina Roca. Resurrection Fest, Viveiro, 31 de xullo de 2009 027.jpg\" src=\"https:\/\/www.finaroca.com\/wp-content\/uploads\/2009\/07\/Fina%20Roca.%20Resurrection%20Fest,%20%20Viveiro,%2031%20de%20xullo%20de%202009%20027.jpg\" alt=\"Fina Roca. Resurrection Fest, Viveiro, 31 de xullo de 2009 027.jpg\" \/><\/p>\n<p><img decoding=\"async\" id=\"image1218\" title=\"Fina Roca. Resurrection Fest, Viveiro, 31 de xullo de 2009 057.jpg\" src=\"https:\/\/www.finaroca.com\/wp-content\/uploads\/2009\/07\/Fina%20Roca.%20Resurrection%20Fest,%20%20Viveiro,%2031%20de%20xullo%20de%202009%20057.jpg\" alt=\"Fina Roca. Resurrection Fest, Viveiro, 31 de xullo de 2009 057.jpg\" \/><\/p>\n<p>Tanto os cans como o fur\u00f3n estaban tranquil\u00edsimos! Sen problemas&#8230;<\/p>\n<p>Sorprend\u00eda a profusi\u00f3n de rapaces e rapazas\u00a0tatuadas de arriba abaixo: al\u00e1 cadaqu\u00e9n coas s\u00faas man\u00edas.<\/p>\n<p><img decoding=\"async\" id=\"image1219\" title=\"Fina Roca. Resurrection Fest, Viveiro, 31 de xullo de 2009 020.jpg\" src=\"https:\/\/www.finaroca.com\/wp-content\/uploads\/2009\/07\/Fina%20Roca.%20Resurrection%20Fest,%20%20Viveiro,%2031%20de%20xullo%20de%202009%20020.jpg\" alt=\"Fina Roca. Resurrection Fest, Viveiro, 31 de xullo de 2009 020.jpg\" \/><\/p>\n<p><img decoding=\"async\" id=\"image1225\" title=\"Fina Roca. Resurrection Fest, Viveiro, 31 de xullo de 2009 022.jpg\" src=\"https:\/\/www.finaroca.com\/wp-content\/uploads\/2009\/07\/Fina%20Roca.%20Resurrection%20Fest,%20%20Viveiro,%2031%20de%20xullo%20de%202009%20022.jpg\" alt=\"Fina Roca. Resurrection Fest, Viveiro, 31 de xullo de 2009 022.jpg\" \/><\/p>\n<p>Namentras a xuventude gozaba a tope da vida e da musica, en Viveiro, na praza de Pastor D\u00edaz quentaban motores para celebrar o Festival m\u00e1is casposo do mundo mundial: O <strong>Festival do Landro<\/strong>:<\/p>\n<p><img decoding=\"async\" id=\"image1220\" title=\"Fina Roca. Resurrection Fest, Viveiro, 31 de xullo de 2009 028.jpg\" src=\"https:\/\/www.finaroca.com\/wp-content\/uploads\/2009\/07\/Fina%20Roca.%20Resurrection%20Fest,%20%20Viveiro,%2031%20de%20xullo%20de%202009%20028.jpg\" alt=\"Fina Roca. Resurrection Fest, Viveiro, 31 de xullo de 2009 028.jpg\" \/><\/p>\n<p>E o m\u00e1is lindo da xornada: <strong>Carlos Romero e os seus amigos.<\/strong> Uns monicreques fabulosos con guitarra tradicional:<\/p>\n<p><img loading=\"lazy\" decoding=\"async\" class=\"alignnone  wp-image-1944\" src=\"https:\/\/www.finaroca.com\/wp-content\/uploads\/2017\/04\/Fina-Roca.-Resurrection-Fest-Viveiro-31-de-xullo-de-2009-062-1024x768.jpg\" alt=\"\" width=\"450\" height=\"331\" \/><\/p>\n<p><strong>Texto e fotos: Fina Roca.<\/strong><\/p>\n","protected":false},"excerpt":{"rendered":"<p>M\u00e1is de cinco mil persoas d\u00e9ronse cita no Campo de F\u00fatbol\u00a0 e bisbarra\u00a0de Viveiro para acoller o RESURRECTION FEST considerado o mellor\u00a0FESTIVAL de\u00a0HARDCORE de Europa e parte do estranxeiro: http:\/\/www.resurrection-fest.com\/ Abarrote no\u00a0parque de Viveiro perante dous d\u00edas: 31 de xullo e 1 de agosto. Acampada libre no parque, San Roque e Lavandeiras (Celeiro)&#8230; O bono &hellip; <\/p>\n<p class=\"link-more\"><a href=\"https:\/\/www.finaroca.com\/?p=1213\" class=\"more-link\">Continuar lendo<span class=\"screen-reader-text\"> &#8220;Resurrection Fest, Viveiro&#8221;<\/span><\/a><\/p>\n","protected":false},"author":1,"featured_media":0,"comment_status":"open","ping_status":"open","sticky":false,"template":"","format":"standard","meta":{"footnotes":""},"categories":[1],"tags":[],"class_list":["post-1213","post","type-post","status-publish","format-standard","hentry","category-sen-clasificar"],"_links":{"self":[{"href":"https:\/\/www.finaroca.com\/index.php?rest_route=\/wp\/v2\/posts\/1213","targetHints":{"allow":["GET"]}}],"collection":[{"href":"https:\/\/www.finaroca.com\/index.php?rest_route=\/wp\/v2\/posts"}],"about":[{"href":"https:\/\/www.finaroca.com\/index.php?rest_route=\/wp\/v2\/types\/post"}],"author":[{"embeddable":true,"href":"https:\/\/www.finaroca.com\/index.php?rest_route=\/wp\/v2\/users\/1"}],"replies":[{"embeddable":true,"href":"https:\/\/www.finaroca.com\/index.php?rest_route=%2Fwp%2Fv2%2Fcomments&post=1213"}],"version-history":[{"count":2,"href":"https:\/\/www.finaroca.com\/index.php?rest_route=\/wp\/v2\/posts\/1213\/revisions"}],"predecessor-version":[{"id":1946,"href":"https:\/\/www.finaroca.com\/index.php?rest_route=\/wp\/v2\/posts\/1213\/revisions\/1946"}],"wp:attachment":[{"href":"https:\/\/www.finaroca.com\/index.php?rest_route=%2Fwp%2Fv2%2Fmedia&parent=1213"}],"wp:term":[{"taxonomy":"category","embeddable":true,"href":"https:\/\/www.finaroca.com\/index.php?rest_route=%2Fwp%2Fv2%2Fcategories&post=1213"},{"taxonomy":"post_tag","embeddable":true,"href":"https:\/\/www.finaroca.com\/index.php?rest_route=%2Fwp%2Fv2%2Ftags&post=1213"}],"curies":[{"name":"wp","href":"https:\/\/api.w.org\/{rel}","templated":true}]}}