{"id":12,"date":"2006-05-26T12:39:15","date_gmt":"2006-05-26T10:39:15","guid":{"rendered":"http:\/\/www.finaroca.com\/?p=12"},"modified":"2006-05-26T12:39:15","modified_gmt":"2006-05-26T10:39:15","slug":"o-delfin-de-sir-paquino-vazquez-losada-inaugura-a-praza-de-elvina-atrincherado-con-barreiras-e-policias","status":"publish","type":"post","link":"https:\/\/www.finaroca.com\/?p=12","title":{"rendered":"O delf\u00edn de sir Paqui\u00f1o V\u00e1zquez, LOSADA, inaugura a Praza de Elvi\u00f1a atrincherado con barreiras e polic\u00edas"},"content":{"rendered":"<p>Losada, actual alcalde de A Coru\u00f1a, no acto inagural do mercado de Elvi\u00f1a (25-O5-06), parec\u00eda un fara\u00f3n&#8230;<br \/>\nQue abafante!<br \/>\nDende as seis da tarde a zona estaba acordoada con barreiras met\u00e1licas, polic\u00edas nacionais e locais, que imped\u00edan a libre circulaci\u00f3n polas beirarr\u00faas, estradas e pasos de pe\u00f3ns regulados por sem\u00e1foros. A indiganaci\u00f3n era manifesta entre os veci\u00f1os da zona, xenti\u00f1a do com\u00fan de moitos anos, que ti\u00f1a que da-la volta para entrar nas s\u00faas vivendas, ou para ve-los touros trala barreira, pois non era cousa de enfrontarse \u00f3s morroscos da Polic\u00eda Nacional, para ver de cerca \u00e1 comitiva municipal, adl\u00e1teres e resto de preclaros invitados a tan egrexio evento.<br \/>\nUn fato de vendedores, disidentes e pacifistas, reivindicaban \u00f3 dereito a te-la praza na planta baixa do mercado, cantando consignas en contra de Losada, Barc\u00f3n e resto de mandam\u00e1is de turno&#8230;<br \/>\nPara acceder \u00e1 Praza de Abastos e beber un vi\u00f1o na supercarpa inaugural, que pagamos todos\/as, hab\u00eda que ter rigurosa invitaci\u00f3n do concello&#8230;<br \/>\nO alcalde\/delf\u00edn rodeado de c\u00e1maras de TV e xornalistas, puxo a caldo \u00f3s vendedores disidentes, que \u00e9 o colmo do cinismo universal&#8230;<br \/>\nQue soberbia!<br \/>\nLosada deber\u00eda facer un curso de pronunciaci\u00f3n&#8230;<br \/>\nMi madri\u00f1a! Que mal fala este t\u00edo en castel\u00e1n! Non hai deus que o entenda! Que fon\u00e9tica tan est\u00fapida e que sintaxis tan desastrosa. Os seus discursos demag\u00f3xicos soan peor c\u00f3s de Sir Paqui\u00f1o V\u00e1zquez, o embaixador do Estado m\u00e1is pequerrechi\u00f1o do mundo, Cidade Vaticano, no que s\u00f3 te\u00f1en dereito a voto os var\u00f3ns con rango: bispos e cardenais&#8230;<br \/>\nCabe subli\u00f1ar que, os disidentes do mercado con sus mand\u00eds e pancartas, denunciaban a marbellizaci\u00f3n do concello coru\u00f1\u00e9s&#8230;<br \/>\nVamos!<br \/>\nNon \u00e9 de recibo trasformar unha praza de abastos nun centro comercial \u00e1 maneira do Corte Ingl\u00e9s, no que por faltar non falta nin Adolfo Dom\u00ednguez, nin o PC-City&#8230;<br \/>\n\u00d3 d\u00eda seguinte (26-05-06), Losada, na s\u00faa habitual cita con Radio Voz, dixo que <>.<br \/>\nMira ti! Que pico de ouro&#8230;<br \/>\nXa sabedes! Quen non estea de acordo co seu horario ou posto de traballo, que renuncie, para contentar \u00f3s xefes e alcaldes de turno&#8230;<br \/>\nNon \u00e9 de recibo que un alcalde socialista utilice os coches oficiais, prensa e forzas de seguridade para inaugurar un mercado de barrio, atacando impugnemente a 20 vendedores pacifistas, a meirande parte mulleres, que estaban a defender o seu pan&#8230;<br \/>\nFina Roca.<\/p>\n","protected":false},"excerpt":{"rendered":"<p>Losada, actual alcalde de A Coru\u00f1a, no acto inagural do mercado de Elvi\u00f1a (25-O5-06), parec\u00eda un fara\u00f3n&#8230; Que abafante! Dende as seis da tarde a zona estaba acordoada con barreiras met\u00e1licas, polic\u00edas nacionais e locais, que imped\u00edan a libre circulaci\u00f3n polas beirarr\u00faas, estradas e pasos de pe\u00f3ns regulados por sem\u00e1foros. A indiganaci\u00f3n era manifesta entre &hellip; <\/p>\n<p class=\"link-more\"><a href=\"https:\/\/www.finaroca.com\/?p=12\" class=\"more-link\">Continuar lendo<span class=\"screen-reader-text\"> &#8220;O delf\u00edn de sir Paqui\u00f1o V\u00e1zquez, LOSADA, inaugura a Praza de Elvi\u00f1a atrincherado con barreiras e polic\u00edas&#8221;<\/span><\/a><\/p>\n","protected":false},"author":1,"featured_media":0,"comment_status":"open","ping_status":"open","sticky":false,"template":"","format":"standard","meta":{"footnotes":""},"categories":[1],"tags":[],"class_list":["post-12","post","type-post","status-publish","format-standard","hentry","category-sen-clasificar"],"_links":{"self":[{"href":"https:\/\/www.finaroca.com\/index.php?rest_route=\/wp\/v2\/posts\/12","targetHints":{"allow":["GET"]}}],"collection":[{"href":"https:\/\/www.finaroca.com\/index.php?rest_route=\/wp\/v2\/posts"}],"about":[{"href":"https:\/\/www.finaroca.com\/index.php?rest_route=\/wp\/v2\/types\/post"}],"author":[{"embeddable":true,"href":"https:\/\/www.finaroca.com\/index.php?rest_route=\/wp\/v2\/users\/1"}],"replies":[{"embeddable":true,"href":"https:\/\/www.finaroca.com\/index.php?rest_route=%2Fwp%2Fv2%2Fcomments&post=12"}],"version-history":[{"count":0,"href":"https:\/\/www.finaroca.com\/index.php?rest_route=\/wp\/v2\/posts\/12\/revisions"}],"wp:attachment":[{"href":"https:\/\/www.finaroca.com\/index.php?rest_route=%2Fwp%2Fv2%2Fmedia&parent=12"}],"wp:term":[{"taxonomy":"category","embeddable":true,"href":"https:\/\/www.finaroca.com\/index.php?rest_route=%2Fwp%2Fv2%2Fcategories&post=12"},{"taxonomy":"post_tag","embeddable":true,"href":"https:\/\/www.finaroca.com\/index.php?rest_route=%2Fwp%2Fv2%2Ftags&post=12"}],"curies":[{"name":"wp","href":"https:\/\/api.w.org\/{rel}","templated":true}]}}